{"id":65,"date":"2008-07-27T12:15:37","date_gmt":"2008-07-27T18:15:37","guid":{"rendered":"http:\/\/nachonavarro.com\/archives\/65"},"modified":"2008-07-27T12:15:37","modified_gmt":"2008-07-27T18:15:37","slug":"feliz-cumpleanos-mandela","status":"publish","type":"post","link":"https:\/\/nachonavarro.com\/?p=65","title":{"rendered":"FELIZ CUMPLEA\u00d1OS MANDELA"},"content":{"rendered":"<p>\u201cContra la cultura del triunfo, vivo la cultura de la dicha\u201d<\/p>\n<p>FELIZ CUMPLEA\u00d1OS MANDELA<\/p>\n<p>Por Nacho Navarro<br \/>\nnacho.navarro@contracultura.org.mx <\/p>\n<p>Este 18 de julio el expresidentes sudafricano Nelson Mandela celebr\u00f3 su 90 aniversario de vida, acompa\u00f1ado de familiares, amigos y felicitaciones de todas partes del mundo. D\u00edas antes hab\u00eda estado en Inglaterra para presidir el concierto homenaje que cantantes pop le rindieron y cuyos fondos recaudados fueron aparar a su fundaci\u00f3n.<br \/>\nSin duda, Mandela es un ejemplo viviente y a la vista de todos, de lo que denominamos L\u00edderes de Contracultura; esos personajes que haciendo cosas diferentes, impulsados por sus pensamientos y acciones, generan cambios positivos en su arquitectura personal y de la de quienes est\u00e1n cercanos a ellos.<br \/>\nHabiendo pasado 27 a\u00f1os en prisi\u00f3n, como el preso n\u00famero 46664, hoy es con \u00e9ste como denomina a su fundaci\u00f3n, que en entre otras cosas, lucha contra el Sida.<br \/>\nMkhulu (abuelo en sudafricano) Mandela, cambi\u00f3 sus ideales juveniles guerrillero-izquierdistas, por la pac\u00edfica v\u00eda de la no violencia, gan\u00e1ndose con ello, un merecido lugar al lado de eso 2 grandes exponentes del pacifismo civil mundial: Gandhi y Luther King.<br \/>\nQuienes saben de pol\u00edtica, perciben a Mandela, como el \u00fanico pol\u00edtico vivo, que goza de las 2 cualidades m\u00e1s perseguidas por los pol\u00edticos de todos los colores, tendencias y partidos: Todo lo quieren y lo respetan. Dif\u00edcil \u00bfno?<br \/>\nMandela se describe, hoy, como un anciano sin poder ni influencia. Tiene raz\u00f3n, por que de lo que s\u00ed goza, es de autoridad; esa que todos aceptamos y queremos. \u00bfNo le parece?<\/p>\n","protected":false},"excerpt":{"rendered":"<p>\u201cContra la cultura del triunfo, vivo la cultura de la dicha\u201d FELIZ CUMPLEA\u00d1OS MANDELA Por Nacho Navarro nacho.navarro@contracultura.org.mx Este 18 de julio el expresidentes sudafricano Nelson Mandela celebr\u00f3 su 90 aniversario de vida, acompa\u00f1ado de familiares, amigos y felicitaciones de todas partes del mundo. D\u00edas antes hab\u00eda estado en Inglaterra para presidir el concierto homenaje [&hellip;]<\/p>\n","protected":false},"author":1,"featured_media":0,"comment_status":"open","ping_status":"open","sticky":false,"template":"","format":"standard","meta":[],"categories":[1],"tags":[],"_links":{"self":[{"href":"https:\/\/nachonavarro.com\/index.php?rest_route=\/wp\/v2\/posts\/65"}],"collection":[{"href":"https:\/\/nachonavarro.com\/index.php?rest_route=\/wp\/v2\/posts"}],"about":[{"href":"https:\/\/nachonavarro.com\/index.php?rest_route=\/wp\/v2\/types\/post"}],"author":[{"embeddable":true,"href":"https:\/\/nachonavarro.com\/index.php?rest_route=\/wp\/v2\/users\/1"}],"replies":[{"embeddable":true,"href":"https:\/\/nachonavarro.com\/index.php?rest_route=%2Fwp%2Fv2%2Fcomments&post=65"}],"version-history":[{"count":0,"href":"https:\/\/nachonavarro.com\/index.php?rest_route=\/wp\/v2\/posts\/65\/revisions"}],"wp:attachment":[{"href":"https:\/\/nachonavarro.com\/index.php?rest_route=%2Fwp%2Fv2%2Fmedia&parent=65"}],"wp:term":[{"taxonomy":"category","embeddable":true,"href":"https:\/\/nachonavarro.com\/index.php?rest_route=%2Fwp%2Fv2%2Fcategories&post=65"},{"taxonomy":"post_tag","embeddable":true,"href":"https:\/\/nachonavarro.com\/index.php?rest_route=%2Fwp%2Fv2%2Ftags&post=65"}],"curies":[{"name":"wp","href":"https:\/\/api.w.org\/{rel}","templated":true}]}}