{"id":59,"date":"2008-06-15T18:54:07","date_gmt":"2008-06-16T00:54:07","guid":{"rendered":"http:\/\/nachonavarro.com\/archives\/59"},"modified":"2008-06-15T18:54:07","modified_gmt":"2008-06-16T00:54:07","slug":"creatividad","status":"publish","type":"post","link":"https:\/\/nachonavarro.com\/?p=59","title":{"rendered":"CREATIVIDAD"},"content":{"rendered":"<p>\u201cContra la cultura dada, vivo mi propia cultura\u201d<\/p>\n<p>CREATIVIDAD<\/p>\n<p>Por Nacho Navarro<br \/>\nnacho.navarro@contracultura.org.mx<\/p>\n<p>Reci\u00e9n escuch\u00e9 a Michael Eisner ex jefe de Disney en ciudad de M\u00e9xico, recomendarle ha un p\u00fablico especializado en manejo gerencial, la necesidad que en las organizaciones se incluya y fomente la creatividad. \u00a1Formidable!<br \/>\nBueno es, ser testigo d\u00eda a d\u00eda, de la inagotable riqueza expansiva a millones de seres humanos, que genera ese conjunto de nuevas ideas positivas, repetitivas y cargadas de curiosidad, que en resumen, me parece ayudan a definir creatividad, \u00bfno?<br \/>\nY una prueba palpable y motivante, que nos posibilita entender y aterrizar esto de la creatividad, es observar -por ejemplo- en la ciudad de Washington DC., la larga fila de edificios alojando a la oficina de patentes de los EEUU. All\u00ed se encuentran archivados, los certificados para el tel\u00e9fono inventado por Alexander Graham Bell y de todas las creaciones de Thomas Alva Edison, por citarle solo 2 famosos creativos seres humanos \u00bfSe imagina, hoy, al mundo sin luz el\u00e9ctrica o sin tel\u00e9fono?<br \/>\nDe aqu\u00ed, esta magnifica oportunidad para incorporar a nuestra vida, la cultura de la creatividad \u2013que enriquezca y supere a la que ya nos fue dada- producto eso s\u00ed, entre otras cosas, de nuestra mejora, esfuerzo, disciplina, investigaci\u00f3n, \u00e1nimo y perseverancia personal; sabiendo que las m\u00e1s de veces, lo nuevo, lo mejor que pensamos \u00f3 imaginamos,  no sale a la primera, ni a la segunda, sino \u2013quiz\u00e1- despu\u00e9s de estar dale y dale a nuestro sue\u00f1o, ilusi\u00f3n y\/o ganas de hacer el bien, para todos, all\u00ed donde estamos. \u00bfSe anima? <\/p>\n","protected":false},"excerpt":{"rendered":"<p>\u201cContra la cultura dada, vivo mi propia cultura\u201d CREATIVIDAD Por Nacho Navarro nacho.navarro@contracultura.org.mx Reci\u00e9n escuch\u00e9 a Michael Eisner ex jefe de Disney en ciudad de M\u00e9xico, recomendarle ha un p\u00fablico especializado en manejo gerencial, la necesidad que en las organizaciones se incluya y fomente la creatividad. \u00a1Formidable! Bueno es, ser testigo d\u00eda a d\u00eda, de [&hellip;]<\/p>\n","protected":false},"author":1,"featured_media":0,"comment_status":"open","ping_status":"open","sticky":false,"template":"","format":"standard","meta":[],"categories":[1],"tags":[],"_links":{"self":[{"href":"https:\/\/nachonavarro.com\/index.php?rest_route=\/wp\/v2\/posts\/59"}],"collection":[{"href":"https:\/\/nachonavarro.com\/index.php?rest_route=\/wp\/v2\/posts"}],"about":[{"href":"https:\/\/nachonavarro.com\/index.php?rest_route=\/wp\/v2\/types\/post"}],"author":[{"embeddable":true,"href":"https:\/\/nachonavarro.com\/index.php?rest_route=\/wp\/v2\/users\/1"}],"replies":[{"embeddable":true,"href":"https:\/\/nachonavarro.com\/index.php?rest_route=%2Fwp%2Fv2%2Fcomments&post=59"}],"version-history":[{"count":0,"href":"https:\/\/nachonavarro.com\/index.php?rest_route=\/wp\/v2\/posts\/59\/revisions"}],"wp:attachment":[{"href":"https:\/\/nachonavarro.com\/index.php?rest_route=%2Fwp%2Fv2%2Fmedia&parent=59"}],"wp:term":[{"taxonomy":"category","embeddable":true,"href":"https:\/\/nachonavarro.com\/index.php?rest_route=%2Fwp%2Fv2%2Fcategories&post=59"},{"taxonomy":"post_tag","embeddable":true,"href":"https:\/\/nachonavarro.com\/index.php?rest_route=%2Fwp%2Fv2%2Ftags&post=59"}],"curies":[{"name":"wp","href":"https:\/\/api.w.org\/{rel}","templated":true}]}}