{"id":57,"date":"2008-06-01T16:57:54","date_gmt":"2008-06-01T22:57:54","guid":{"rendered":"http:\/\/nachonavarro.com\/archives\/57"},"modified":"2008-06-01T16:57:54","modified_gmt":"2008-06-01T22:57:54","slug":"el-poder","status":"publish","type":"post","link":"https:\/\/nachonavarro.com\/?p=57","title":{"rendered":"EL PODER"},"content":{"rendered":"<p>\u201cSi quieres conocer a una persona, dale poder\u201d<br \/>\nAbraham Lincoln. <\/p>\n<p>El Poder<\/p>\n<p>Por Ignacio Navarro Valle<br \/>\nnacho.navarro@contracultura.org.mx<\/p>\n<p>Una pregunta que constantemente me viene y formulo a los due\u00f1os de negocios, directivos de las organizaciones y\/o profesionistas ha quienes les prestamos servicios, es esta: porqu\u00e9, salvo honradas excepciones, las personas con poder, frecuentemente lo ejercen bajo la cultura (costumbre), como decimos coloquialmente en M\u00e9xico: haciendo que nom\u00e1s su chicharr\u00f3n truene.<br \/>\nLas respuestas que recibo son variadas, aqu\u00ed le comparto algunas: porque as\u00ed somos los(as) mexicanos(as); porque as\u00ed aprend\u00ed; porque se siente bonito; porque sino, me ven la cara; porque ejercerlo, resulta dif\u00edcil&#8230; Expertos acad\u00e9micos en capital humano consultados, solo me han respondido: es un s\u00faper tema de Tesis para maestr\u00edas y\/o doctorados en desarrollo humano. \u00a1Y sigo con mi pregunta!<br \/>\nAs\u00ed, lo dicho por Lincoln,  parece aplicable a las personas, m\u00e1s all\u00e1 de su condici\u00f3n social, raza, edad, creencia y nacionalidad, \u00bfno?<br \/>\nDe aqu\u00ed que seamos infinidad de veces, usted y yo, testigos de personas y tambi\u00e9n -hay que decirlo- de nuestras propias actuaciones, que al asumir y\/o escalar posiciones de poder, en el trabajo, escuela, profesi\u00f3n, deporte, club, colonia, barrio, etc., salga sin pensarlo, lo prepotente, arrogante o abusivo hacia quienes se ejerce. \u00bfLe ha ocurrido?<br \/>\nPor ello en CONTRACULTURA, AC., nos abrimos y sumamos a las organizaciones que est\u00e1n a favor de provocar actitudes y acciones diferentes y positivas, en cada uno de nosotros, que mejoren la arquitectura humana, all\u00ed donde estemos. \u00bfSe anima?<\/p>\n","protected":false},"excerpt":{"rendered":"<p>\u201cSi quieres conocer a una persona, dale poder\u201d Abraham Lincoln. El Poder Por Ignacio Navarro Valle nacho.navarro@contracultura.org.mx Una pregunta que constantemente me viene y formulo a los due\u00f1os de negocios, directivos de las organizaciones y\/o profesionistas ha quienes les prestamos servicios, es esta: porqu\u00e9, salvo honradas excepciones, las personas con poder, frecuentemente lo ejercen bajo [&hellip;]<\/p>\n","protected":false},"author":1,"featured_media":0,"comment_status":"open","ping_status":"open","sticky":false,"template":"","format":"standard","meta":[],"categories":[1],"tags":[],"_links":{"self":[{"href":"https:\/\/nachonavarro.com\/index.php?rest_route=\/wp\/v2\/posts\/57"}],"collection":[{"href":"https:\/\/nachonavarro.com\/index.php?rest_route=\/wp\/v2\/posts"}],"about":[{"href":"https:\/\/nachonavarro.com\/index.php?rest_route=\/wp\/v2\/types\/post"}],"author":[{"embeddable":true,"href":"https:\/\/nachonavarro.com\/index.php?rest_route=\/wp\/v2\/users\/1"}],"replies":[{"embeddable":true,"href":"https:\/\/nachonavarro.com\/index.php?rest_route=%2Fwp%2Fv2%2Fcomments&post=57"}],"version-history":[{"count":0,"href":"https:\/\/nachonavarro.com\/index.php?rest_route=\/wp\/v2\/posts\/57\/revisions"}],"wp:attachment":[{"href":"https:\/\/nachonavarro.com\/index.php?rest_route=%2Fwp%2Fv2%2Fmedia&parent=57"}],"wp:term":[{"taxonomy":"category","embeddable":true,"href":"https:\/\/nachonavarro.com\/index.php?rest_route=%2Fwp%2Fv2%2Fcategories&post=57"},{"taxonomy":"post_tag","embeddable":true,"href":"https:\/\/nachonavarro.com\/index.php?rest_route=%2Fwp%2Fv2%2Ftags&post=57"}],"curies":[{"name":"wp","href":"https:\/\/api.w.org\/{rel}","templated":true}]}}