{"id":56,"date":"2008-05-25T20:08:08","date_gmt":"2008-05-26T02:08:08","guid":{"rendered":"http:\/\/nachonavarro.com\/archives\/56"},"modified":"2008-05-25T20:08:09","modified_gmt":"2008-05-26T02:08:09","slug":"coherencia","status":"publish","type":"post","link":"https:\/\/nachonavarro.com\/?p=56","title":{"rendered":"COHERENCIA"},"content":{"rendered":"<p>\u201cContra la cultura de aparentar, vivo la cultura de la coherencia\u201d<\/p>\n<p>COHERENCIA<\/p>\n<p>Por Ignacio Navarro Valle<br \/>\nnacho.navarro@contracultura.org.mx <\/p>\n<p>Dedicados al asesoramiento externo de las organizaciones, algo que es indispensable tener presente, me parece, es que los consejos y sugerencias que trasmitamos mediante el uso de nuestro lenguaje verbal y\/o escrito, se encuentren suficientemente respaldados por nuestra conducta personal. Sino, m\u00e1s temprano que tarde, estamos destinados a ser  puestos junto al mont\u00f3n de \u201cprofesionales\u201d que hablan, hablan y muy poco aplican en su vida de sus recomendaciones, catalog\u00e1ndose \u2013quiz\u00e1- como incoherentes \u201cartistas\u201d de la palabra y gesticulaci\u00f3n, por llamarlo suavecito y de los que ha veces \u2013con sinceridad- formamos parte, usted y yo.<br \/>\nPorque si nos ponemos a meditar un poquito, en lo que estamos de acuerdo todos r\u00e1pidamente, sin entrar al terreno de las ideolog\u00edas, es que lo importante que hablamos e influimos, no necesariamente se reduce a lo emitido por el sonido de nuestras bocas, sino por la interrelaci\u00f3n de nuestros actos que d\u00eda a d\u00eda ejercemos -all\u00ed donde vivimos, trabajamos, hacemos deporte, descansamos, etc.,-  con las  creencias y convicciones que decimos tener y\/o continuamente aconsejamos.<br \/>\nAs\u00ed, ante la muerte de la distancia (The Economist), gracias a las  tecnolog\u00edas de comunicaci\u00f3n, los seres humanos nos convertimos, de instante a instante, en observadores y observados. \u00a1Formidable!<br \/>\nY s\u00ed, un magnifico reto, para usted y para mi, siempre y en todo lugar, ser\u00e1 encontrarle el gusto de unir nuestras creencias y convicciones a cada una de nuestras personales acciones. \u00bfSe anima? <\/p>\n","protected":false},"excerpt":{"rendered":"<p>\u201cContra la cultura de aparentar, vivo la cultura de la coherencia\u201d COHERENCIA Por Ignacio Navarro Valle nacho.navarro@contracultura.org.mx Dedicados al asesoramiento externo de las organizaciones, algo que es indispensable tener presente, me parece, es que los consejos y sugerencias que trasmitamos mediante el uso de nuestro lenguaje verbal y\/o escrito, se encuentren suficientemente respaldados por nuestra [&hellip;]<\/p>\n","protected":false},"author":1,"featured_media":0,"comment_status":"open","ping_status":"open","sticky":false,"template":"","format":"standard","meta":[],"categories":[1],"tags":[],"_links":{"self":[{"href":"https:\/\/nachonavarro.com\/index.php?rest_route=\/wp\/v2\/posts\/56"}],"collection":[{"href":"https:\/\/nachonavarro.com\/index.php?rest_route=\/wp\/v2\/posts"}],"about":[{"href":"https:\/\/nachonavarro.com\/index.php?rest_route=\/wp\/v2\/types\/post"}],"author":[{"embeddable":true,"href":"https:\/\/nachonavarro.com\/index.php?rest_route=\/wp\/v2\/users\/1"}],"replies":[{"embeddable":true,"href":"https:\/\/nachonavarro.com\/index.php?rest_route=%2Fwp%2Fv2%2Fcomments&post=56"}],"version-history":[{"count":0,"href":"https:\/\/nachonavarro.com\/index.php?rest_route=\/wp\/v2\/posts\/56\/revisions"}],"wp:attachment":[{"href":"https:\/\/nachonavarro.com\/index.php?rest_route=%2Fwp%2Fv2%2Fmedia&parent=56"}],"wp:term":[{"taxonomy":"category","embeddable":true,"href":"https:\/\/nachonavarro.com\/index.php?rest_route=%2Fwp%2Fv2%2Fcategories&post=56"},{"taxonomy":"post_tag","embeddable":true,"href":"https:\/\/nachonavarro.com\/index.php?rest_route=%2Fwp%2Fv2%2Ftags&post=56"}],"curies":[{"name":"wp","href":"https:\/\/api.w.org\/{rel}","templated":true}]}}