{"id":545,"date":"2013-12-18T14:23:52","date_gmt":"2013-12-18T20:23:52","guid":{"rendered":"http:\/\/nachonavarro.com\/?p=545"},"modified":"2013-12-18T14:23:52","modified_gmt":"2013-12-18T20:23:52","slug":"acciones-cool","status":"publish","type":"post","link":"https:\/\/nachonavarro.com\/?p=545","title":{"rendered":"ACCIONES COOL \u00a9"},"content":{"rendered":"<figure class=\"full-width-mobile alignnone thin\" style=\"width: 650px;\"><a href=\"http:\/\/nachonavarro.com\/wp-content\/uploads\/2013\/12\/Imagen-Cool-color.jpg\" class=\"fancybox\" title=\"\"><img alt=\"\" src=\"https:\/\/nachonavarro.com\/wp-content\/uploads\/2013\/12\/Imagen-Cool-color.jpg\" class=\"wp-image-546\" \/><\/a><\/figure>\n<p>Por Nacho Navarro<br \/>\nnachocontracultura@outlook.com<\/p>\n<p>Ya gozando el sabroso frio del invierno 2013, acompa\u00f1ado del rico olor y sabor de las mandarinas que por estas fechas abundan en nuestro pa\u00eds, a Dios gracias, lo mismo que asimilando el t\u00e9rmino coloquial de la palabra inglesa \u201ccool\u201d (enfriarse, fr\u00edo en espa\u00f1ol) que mi hija Mar\u00eda Jos\u00e9 y los j\u00f3venes repiten cuando una cosa les gusta o atrapa su atenci\u00f3n,  me inspiran a compartirle lo siguiente:<br \/>\nEstar\u00e1 de acuerdo que en general los mexicanos, junto con los dem\u00e1s pueblos latinos, somos de sangre caliente. Aceptarlo es un buen paso para sacarle provecho, percibo, porque ni falta  hace que a las primeras de cambio, como decimos en M\u00e9xico, usted y yo reaccionemos \u201cacalorados\u201d, no se diga si el tema es de f\u00fatbol, actores o actrices, personajes p\u00fablicos, y m\u00e1s si nuestras opiniones, comentarios, sugerencias, propuestas en familia, negocio, trabajo, asociaci\u00f3n vecinal, escuela, amigos; por ejemplo, son rechazados o, peor, menospreciados (eso imaginamos), para que literalmente nuestro cuerpo entre en calor y como culturalmente decimos aqu\u00ed, la sangre se nos sube a la cabeza y -\u00a1zaz!- el regadero de ofensas, pensamientos negativos, malas decisiones y dem\u00e1s constelaciones negativas dejamos o provocamos, entre otras \u201cchuladas\u201d; por lo que observo conveniente entrenarnos a enfriarnos usted y yo, antes de actuar, all\u00ed donde estemos.<br \/>\nDe entrada admitamos no es f\u00e1cil, ni la cultura que nos rodea e influye propicia a mantenernos con el cerebro y mente fr\u00edos, lo contrario. Basta mirar nuestros pensamientos y platicas que cotidianamente mantenemos, las m\u00e1s en tono poco proactivo o francamente pesimista. Le reto: obs\u00e9rvese. Ver\u00e1 la basura que pensamos y se nos mete en el cerebro, como la humedad, en todos lados y ambientes.<br \/>\n\u00bfAlg\u00fan d\u00eda acabar\u00e1n nuestros problemas? S\u00ed, el d\u00eda de nuestra muerte, por lo que bien haremos si ante las cotidianas dificultades (chicas, medianas, grandes, reales o inventadas), logramos enfriarnos y as\u00ed atender y preparar cada una de nuestras acciones-respuestas en la vida.  Calientes de la cabeza, s\u00f3lo nos estacionamos en lo mismo que venimos haciendo y reaccionando por a\u00f1os. \u00a1D\u00edgame que exagero!<br \/>\nY no hace falta que nos convirtamos en campeones del triatl\u00f3n extremo de invierno que practica el cirujano ortopedista alem\u00e1n que reci\u00e9n la televisi\u00f3n p\u00fablica dw de ese pa\u00eds report\u00f3 en espa\u00f1ol, para literalmente enfriarnos; m\u00e1s bien basta que nos entrenemos en la acci\u00f3n que este especialista galeno admite le hizo campe\u00f3n: \u201cel triunfo te lo da la cabeza, el cuerpo hace el resto\u201d \u00a1Interesante!<br \/>\nPero no me crea, mejor int\u00e9ntelo.<br \/>\n\u00a1Feliz navidad  y un a\u00f1o 2014 estupendo para usted y sus seres queridos!<\/p>\n","protected":false},"excerpt":{"rendered":"<p>Por Nacho Navarro nachocontracultura@outlook.com Ya gozando el sabroso frio del invierno 2013, acompa\u00f1ado del rico olor y sabor de las mandarinas que por estas fechas abundan en nuestro pa\u00eds, a Dios gracias, lo mismo que asimilando el t\u00e9rmino coloquial de la palabra inglesa \u201ccool\u201d (enfriarse, fr\u00edo en espa\u00f1ol) que mi hija Mar\u00eda Jos\u00e9 y los [&hellip;]<\/p>\n","protected":false},"author":1,"featured_media":0,"comment_status":"open","ping_status":"open","sticky":false,"template":"","format":"standard","meta":[],"categories":[1],"tags":[],"_links":{"self":[{"href":"https:\/\/nachonavarro.com\/index.php?rest_route=\/wp\/v2\/posts\/545"}],"collection":[{"href":"https:\/\/nachonavarro.com\/index.php?rest_route=\/wp\/v2\/posts"}],"about":[{"href":"https:\/\/nachonavarro.com\/index.php?rest_route=\/wp\/v2\/types\/post"}],"author":[{"embeddable":true,"href":"https:\/\/nachonavarro.com\/index.php?rest_route=\/wp\/v2\/users\/1"}],"replies":[{"embeddable":true,"href":"https:\/\/nachonavarro.com\/index.php?rest_route=%2Fwp%2Fv2%2Fcomments&post=545"}],"version-history":[{"count":1,"href":"https:\/\/nachonavarro.com\/index.php?rest_route=\/wp\/v2\/posts\/545\/revisions"}],"predecessor-version":[{"id":547,"href":"https:\/\/nachonavarro.com\/index.php?rest_route=\/wp\/v2\/posts\/545\/revisions\/547"}],"wp:attachment":[{"href":"https:\/\/nachonavarro.com\/index.php?rest_route=%2Fwp%2Fv2%2Fmedia&parent=545"}],"wp:term":[{"taxonomy":"category","embeddable":true,"href":"https:\/\/nachonavarro.com\/index.php?rest_route=%2Fwp%2Fv2%2Fcategories&post=545"},{"taxonomy":"post_tag","embeddable":true,"href":"https:\/\/nachonavarro.com\/index.php?rest_route=%2Fwp%2Fv2%2Ftags&post=545"}],"curies":[{"name":"wp","href":"https:\/\/api.w.org\/{rel}","templated":true}]}}