{"id":541,"date":"2013-11-19T11:58:39","date_gmt":"2013-11-19T17:58:39","guid":{"rendered":"http:\/\/nachonavarro.com\/?p=541"},"modified":"2013-11-19T11:58:39","modified_gmt":"2013-11-19T17:58:39","slug":"entrenandonos-para-charlar","status":"publish","type":"post","link":"https:\/\/nachonavarro.com\/?p=541","title":{"rendered":"ENTRENANDONOS PARA CHARLAR \u00a9"},"content":{"rendered":"<figure class=\"full-width-mobile alignnone thin\" style=\"width: 650px;\"><a href=\"http:\/\/nachonavarro.com\/wp-content\/uploads\/2013\/11\/Imagen-blanco-negro-Vasconcelos.png\" class=\"fancybox\" title=\"\"><img alt=\"\" src=\"https:\/\/nachonavarro.com\/wp-content\/uploads\/2013\/11\/Imagen-blanco-negro-Vasconcelos.png\" class=\"wp-image-542\" \/><\/a><\/figure>\n<p>Por Nacho Navarro<br \/>\nnachocontracultura@outlook.com<\/p>\n<p>Coincidir\u00e1 que por medio de las llamadas redes sociales y los cada d\u00eda m\u00e1s avanzados aparatos celulares y tabletas electr\u00f3nicas e internet de alta velocidad, el intercambio de informaci\u00f3n y contactos entre personas se ha extendido de manera impresionante junto, conviene admitirlo, a la trivializaci\u00f3n de temas insulsos y superficiales que se trasmiten y \u201csuben\u201d a estos macro portales, aunado a la saturaci\u00f3n de propaganda comercial en dichos sitios, que enmascara, percibo, entre otras cosas, la ausencia de inteligentes y sanas conversaciones personales que nos inspiren y suban el nivel.<br \/>\nS\u00ed la tecnolog\u00eda de la comunicaci\u00f3n es maravillosa, y hoy podemos enterarnos casi instant\u00e1neamente;  por ejemplo, si ca\u00edmos en la moda de las redes sociales, de la \u00faltima ocurrencia de fulanita o zutanito,  chiste l\u00e9pero y dem\u00e1s chismes, que nom\u00e1s distraen de lo importante, conviene reconocer.<br \/>\nS\u00e9 de varias empresas serias que interesadas en el buen desarrollo de sus colaboradores y aprovechamiento del tiempo, ya les impiden dentro de sus instalaciones y sistemas de c\u00f3mputo el acceso a cualquiera de estas redes sociales. Pero no deseo detenerme en ello, sino invitarlo a entrenarnos para charlar y conversar de manera que despu\u00e9s de hacerlo, usted y yo acabemos enriquecidos, o porque aprendimos y descubrimos algo nuevo, comprendimos mejor aquello, expresamos nuestros puntos de vista serenamente o simplemente intercambiamos ideas que a la mera hora, nos mejoren; por lo que aqu\u00ed, brevemente, le comparto:<br \/>\nEstoy de acuerdo que el sentido \u00faltimo de la cultura, como escribe nuestro sabio Gabriel Zaid (79) es \u201cla revelaci\u00f3n, el asombro, las ganas o la furia de vivir, el amor al arte, la pasi\u00f3n de entender, la inspiraci\u00f3n creadora, la plenitud personal y colectiva.\u201d<br \/>\nPara Zaid la cultura tambi\u00e9n es \u201cuna fiesta de amigos, en la que todos contribuyan con sus propios recursos de imaginaci\u00f3n y talento, iniciativa, cosas o dinero, al margen del Estado y el mercado.\u201d (cf. Dinero para la cultura. P\u00e1g. 17. Debate), qu\u00e9 duda cabe despu\u00e9s de leerlo, que nos conviene retomar la cultura de la charla, conversaci\u00f3n y tertulia amable que nos haga mejores a usted y a m\u00ed.<br \/>\nY claro que charlar se aprende charlando, conversando con los amigos, familiares, colegas y con quienes nos mejoren, aunque no piensen como nosotros, esto \u00faltimo no es algo que hagamos frecuentemente. M\u00e1s bien buscamos hacerlo con quienes coincidan en nuestras ideas y puntos de vista, lo cual no est\u00e1 mal, pero nos ha impedido, observo, avanzar en la cultura del sano intercambio de ideas, puntos de vista, que siempre estar\u00e1 de acuerdo, nos dejan valiosos aprendizajes. Aqu\u00ed hay mucho para entrenarnos en M\u00e9xico.<br \/>\nUna manera pr\u00e1ctica de lograrlo, es observando; por ejemplo, los cinco programas que se trasmitieron en 1957 en la televisi\u00f3n mexicana, y que la UNAM rescat\u00f3, restaur\u00f3 y est\u00e1n localizables en youtube con el titulo con que se trasmitieron: Charlas Mexicanas. All\u00ed tres inteligentes mexicanos: Jos\u00e9 Vasconcelos, Alfonso Junco y Jos\u00e9 Carri\u00f3n; por cierto, con ideas distintas y hasta enfrentadas entre s\u00ed, charlan tranquila, libre y respetuosa sobre temas de la historia de M\u00e9xico, sin atropellarse, ni descalificarse, m\u00e1s bien, enriqueci\u00e9ndose entre s\u00ed, confirmando, creo, lo que Zaid 56 a\u00f1os despu\u00e9s escribe atinadamente: \u201cEn la cultura la vida sube de nivel\u2026la conversaci\u00f3n entre lectores inteligentes&#8230;hace m\u00e1s habitable el mundo.\u201d(\u00cddem).<br \/>\n\u00bfSe atreve?  <\/p>\n","protected":false},"excerpt":{"rendered":"<p>Por Nacho Navarro nachocontracultura@outlook.com Coincidir\u00e1 que por medio de las llamadas redes sociales y los cada d\u00eda m\u00e1s avanzados aparatos celulares y tabletas electr\u00f3nicas e internet de alta velocidad, el intercambio de informaci\u00f3n y contactos entre personas se ha extendido de manera impresionante junto, conviene admitirlo, a la trivializaci\u00f3n de temas insulsos y superficiales que [&hellip;]<\/p>\n","protected":false},"author":1,"featured_media":0,"comment_status":"open","ping_status":"open","sticky":false,"template":"","format":"standard","meta":[],"categories":[1],"tags":[],"_links":{"self":[{"href":"https:\/\/nachonavarro.com\/index.php?rest_route=\/wp\/v2\/posts\/541"}],"collection":[{"href":"https:\/\/nachonavarro.com\/index.php?rest_route=\/wp\/v2\/posts"}],"about":[{"href":"https:\/\/nachonavarro.com\/index.php?rest_route=\/wp\/v2\/types\/post"}],"author":[{"embeddable":true,"href":"https:\/\/nachonavarro.com\/index.php?rest_route=\/wp\/v2\/users\/1"}],"replies":[{"embeddable":true,"href":"https:\/\/nachonavarro.com\/index.php?rest_route=%2Fwp%2Fv2%2Fcomments&post=541"}],"version-history":[{"count":1,"href":"https:\/\/nachonavarro.com\/index.php?rest_route=\/wp\/v2\/posts\/541\/revisions"}],"predecessor-version":[{"id":543,"href":"https:\/\/nachonavarro.com\/index.php?rest_route=\/wp\/v2\/posts\/541\/revisions\/543"}],"wp:attachment":[{"href":"https:\/\/nachonavarro.com\/index.php?rest_route=%2Fwp%2Fv2%2Fmedia&parent=541"}],"wp:term":[{"taxonomy":"category","embeddable":true,"href":"https:\/\/nachonavarro.com\/index.php?rest_route=%2Fwp%2Fv2%2Fcategories&post=541"},{"taxonomy":"post_tag","embeddable":true,"href":"https:\/\/nachonavarro.com\/index.php?rest_route=%2Fwp%2Fv2%2Ftags&post=541"}],"curies":[{"name":"wp","href":"https:\/\/api.w.org\/{rel}","templated":true}]}}