{"id":53,"date":"2008-04-27T20:15:21","date_gmt":"2008-04-28T02:15:21","guid":{"rendered":"http:\/\/nachonavarro.com\/archives\/53"},"modified":"2008-04-27T20:17:46","modified_gmt":"2008-04-28T02:17:46","slug":"lideres-que-hagan-lideres","status":"publish","type":"post","link":"https:\/\/nachonavarro.com\/?p=53","title":{"rendered":"L\u00cdDERES QUE HAGAN L\u00cdDERES"},"content":{"rendered":"<p>L\u00edderes que hagan L\u00edderes<\/p>\n<p>Por Ignacio Navarro Valle<br \/>\nnacho.navarro@contracultura.org.mx<\/p>\n<p>A\u00fan recuerdo a un influyente hombre de negocios de los EEUU, respondi\u00e9ndole a un periodista,  sobre su experiencia con l\u00edderes en el mundo, decir: hoy, como nunca,  hay una escasez en el mundo, de l\u00edderes que atiendan y resuelvan correctamente los asuntos.<br \/>\nQuiz\u00e1, debamos empezar por preguntarnos, usted y yo, \u00bfqu\u00e9 es ser l\u00edder?<br \/>\nQuienes saben de esto, constantemente est\u00e1n definiendo al l\u00edder, dentro de sus principales caracter\u00edsticas, como aquella persona a quien siguen otras personas. Realidad \u00e9sta, sin duda, en los personajes con fuerte influencia en su \u00e9poca y m\u00e1s all\u00e1.<br \/>\nPero comienza a plantearse una interesante y adicional caracter\u00edstica -por expertos en liderazgo- a los estereotipos cl\u00e1sicos del l\u00edder y que sin duda, est\u00e1 llamada a ser de las primeras en quienes ocupen posiciones de liderazgo hoy, en cualquier \u00e1mbito de nuestra vida; esta es: l\u00edderes, que a su vez hagan l\u00edderes.\u00a1Magnifico!<br \/>\nIncorporarla a la vida de los l\u00edderes, la considero  una de las m\u00e1s urgentes necesidades en todos nosotros, dado su eficaz planteo y dimensi\u00f3n para afrontar y resolver, satisfactoriamente los desaf\u00edos de cada uno, por cada uno en nuestro hogar, barrio, escuela, trabajo, deporte, etc.; provocando con esto, un quiebre positivo a esa costumbre (cultura), muchas veces arraigada en tantos de nosotros, de ser solo pasivos(as) y\/o reactivos(as) receptores de cuanta orden, mensaje y\/o instrucci\u00f3n seguimos de individuos que quiz\u00e1 lo \u00fanico que lograron fue poder, porque del nuevo liderazgo -aqu\u00ed planteado- nada todav\u00eda.<br \/>\nRetador. \u00bfNo le parece?<\/p>\n","protected":false},"excerpt":{"rendered":"<p>L\u00edderes que hagan L\u00edderes Por Ignacio Navarro Valle nacho.navarro@contracultura.org.mx A\u00fan recuerdo a un influyente hombre de negocios de los EEUU, respondi\u00e9ndole a un periodista, sobre su experiencia con l\u00edderes en el mundo, decir: hoy, como nunca, hay una escasez en el mundo, de l\u00edderes que atiendan y resuelvan correctamente los asuntos. Quiz\u00e1, debamos empezar por [&hellip;]<\/p>\n","protected":false},"author":1,"featured_media":0,"comment_status":"open","ping_status":"open","sticky":false,"template":"","format":"standard","meta":[],"categories":[1],"tags":[],"_links":{"self":[{"href":"https:\/\/nachonavarro.com\/index.php?rest_route=\/wp\/v2\/posts\/53"}],"collection":[{"href":"https:\/\/nachonavarro.com\/index.php?rest_route=\/wp\/v2\/posts"}],"about":[{"href":"https:\/\/nachonavarro.com\/index.php?rest_route=\/wp\/v2\/types\/post"}],"author":[{"embeddable":true,"href":"https:\/\/nachonavarro.com\/index.php?rest_route=\/wp\/v2\/users\/1"}],"replies":[{"embeddable":true,"href":"https:\/\/nachonavarro.com\/index.php?rest_route=%2Fwp%2Fv2%2Fcomments&post=53"}],"version-history":[{"count":0,"href":"https:\/\/nachonavarro.com\/index.php?rest_route=\/wp\/v2\/posts\/53\/revisions"}],"wp:attachment":[{"href":"https:\/\/nachonavarro.com\/index.php?rest_route=%2Fwp%2Fv2%2Fmedia&parent=53"}],"wp:term":[{"taxonomy":"category","embeddable":true,"href":"https:\/\/nachonavarro.com\/index.php?rest_route=%2Fwp%2Fv2%2Fcategories&post=53"},{"taxonomy":"post_tag","embeddable":true,"href":"https:\/\/nachonavarro.com\/index.php?rest_route=%2Fwp%2Fv2%2Ftags&post=53"}],"curies":[{"name":"wp","href":"https:\/\/api.w.org\/{rel}","templated":true}]}}