{"id":51,"date":"2008-04-06T21:30:11","date_gmt":"2008-04-07T03:30:11","guid":{"rendered":"http:\/\/nachonavarro.com\/archives\/51"},"modified":"2008-04-06T21:30:12","modified_gmt":"2008-04-07T03:30:12","slug":"todos-hablan","status":"publish","type":"post","link":"https:\/\/nachonavarro.com\/?p=51","title":{"rendered":"TODOS HABLAN"},"content":{"rendered":"<p>TODOS HABLAN<\/p>\n<p>Por Ignacio Navarro Valle<br \/>\nnacho.navarro@contracultura.org.mx<\/p>\n<p>Casi a diario, usted y yo, estamos sumergidos en un interminable mar de opiniones, declaraciones, consejas, discursos, recomendaciones de esto y aquello, que en muchos casos, solo repiten lo mismo en diferentes palabras a trav\u00e9s de otras personas y lo que es peor, se presentan como \u201cnovedades\u201d  y\/o \u201c\u00fanicas\u201d. Vamos, es probable que usted y yo, seamos tambi\u00e9n de los que estemos a dale y dale con nuestros temas, queriendo por supuesto que los dem\u00e1s nos escuchen y den la raz\u00f3n. \u00bfNo?<br \/>\nY bueno, hablar es parte de nuestra naturaleza, sin duda, y un vehiculo excelente para la interacci\u00f3n a favor de nosotros y los dem\u00e1s, y siempre nos vienen bien palabras de aliento, positivas y de cari\u00f1o que fortalecen nuestro ser y andar el camino que cada uno(a) recorremos; de aqu\u00ed que el cuidado y esmero del lenguaje sea un poderoso instrumento para reflejar nuestros pensamientos, creencias y convicciones.<br \/>\nSorprende, sin embargo, la infinidad de veces que se abusa del mon\u00f3logo impune (Gabriel Zaid dixit) solo \u2013por ejemplo-  para descalificar a otros(as), por el simple hecho de que no piensan y act\u00faan como quiere quien as\u00ed habla. Pareciera que gritar m\u00e1s o subir el volumen de nuestras voces, acallara y acabara con quienes no piensan como nosotros. \u00a1Faltaba menos!<br \/>\nBien haremos, si antes de hablar, primero no callamos un buen rato y pensamos lo que vamos a decir, haci\u00e9ndonos concientemente concientes de cada una de nuestras palabras, que siempre y por encima de todo, deber\u00e1n ir precedidas y acompa\u00f1adas por nuestras coherentes y positivas acciones a favor de usted, de todos, de todo. \u00bfNo le parece? <\/p>\n","protected":false},"excerpt":{"rendered":"<p>TODOS HABLAN Por Ignacio Navarro Valle nacho.navarro@contracultura.org.mx Casi a diario, usted y yo, estamos sumergidos en un interminable mar de opiniones, declaraciones, consejas, discursos, recomendaciones de esto y aquello, que en muchos casos, solo repiten lo mismo en diferentes palabras a trav\u00e9s de otras personas y lo que es peor, se presentan como \u201cnovedades\u201d y\/o [&hellip;]<\/p>\n","protected":false},"author":1,"featured_media":0,"comment_status":"open","ping_status":"open","sticky":false,"template":"","format":"standard","meta":[],"categories":[1],"tags":[],"_links":{"self":[{"href":"https:\/\/nachonavarro.com\/index.php?rest_route=\/wp\/v2\/posts\/51"}],"collection":[{"href":"https:\/\/nachonavarro.com\/index.php?rest_route=\/wp\/v2\/posts"}],"about":[{"href":"https:\/\/nachonavarro.com\/index.php?rest_route=\/wp\/v2\/types\/post"}],"author":[{"embeddable":true,"href":"https:\/\/nachonavarro.com\/index.php?rest_route=\/wp\/v2\/users\/1"}],"replies":[{"embeddable":true,"href":"https:\/\/nachonavarro.com\/index.php?rest_route=%2Fwp%2Fv2%2Fcomments&post=51"}],"version-history":[{"count":0,"href":"https:\/\/nachonavarro.com\/index.php?rest_route=\/wp\/v2\/posts\/51\/revisions"}],"wp:attachment":[{"href":"https:\/\/nachonavarro.com\/index.php?rest_route=%2Fwp%2Fv2%2Fmedia&parent=51"}],"wp:term":[{"taxonomy":"category","embeddable":true,"href":"https:\/\/nachonavarro.com\/index.php?rest_route=%2Fwp%2Fv2%2Fcategories&post=51"},{"taxonomy":"post_tag","embeddable":true,"href":"https:\/\/nachonavarro.com\/index.php?rest_route=%2Fwp%2Fv2%2Ftags&post=51"}],"curies":[{"name":"wp","href":"https:\/\/api.w.org\/{rel}","templated":true}]}}