{"id":5,"date":"2007-03-05T18:02:58","date_gmt":"2007-03-06T00:02:58","guid":{"rendered":"http:\/\/nachonavarro.com\/?p=5"},"modified":"2007-03-05T18:02:58","modified_gmt":"2007-03-06T00:02:58","slug":"la-confianza","status":"publish","type":"post","link":"https:\/\/nachonavarro.com\/?p=5","title":{"rendered":"LA CONFIANZA"},"content":{"rendered":"<p>\u201cLos discursos inspiran menos confianza que las acciones\u201d<br \/>\n                                                             Arist\u00f3teles<\/p>\n<p><strong>LA CONFIANZA<\/strong><\/p>\n<p><strong>Por Ignacio Navarro Valle<\/strong><br \/>\n<a href=\"mailto:nacho@contracultura.org.mx\">nacho@contracultura.org.mx<\/a> <\/p>\n<p>M\u00e1s de una vez nos habr\u00e1 pasado,  hemos sentido la falta de confianza en  nosotros o  en quienes nos rodean, sean de nuestra familia, del trabajo \u00f3 del medio social en donde nos desenvolvemos.<\/p>\n<p>Confiar es una necesidad important\u00edsima para un sano desarrollo individual y comunitario. Sin confianza no se avanza. As\u00ed de sencillo. Y para ello es necesario, primero que nada, conocernos individualmente de manera sincera y completa. Esto es, con todos nuestros aspectos positivos unidos, por supuesto, de aquellos retos de mejora continua a nuestra forma de ser. Recordar, frecuentemente, que somos seres inacabados y por lo tanto mejorables todos los d\u00edas  de nuestra vida, nos dar\u00e1 confianza para permanecer en aquello que nos mejore y rectificar \u00f3 corregir, cuando haya de hacerlo, todo aquello que no propicie  mejoramiento individual, que por lo general,  tiene repercusi\u00f3n comunitaria.<\/p>\n<p>La confianza parte pues de usted, de m\u00ed, hacia usted, hacia m\u00ed antes que nada. Nadie damos lo que no tenemos. Si no nos tenemos confianza a nosotros mismos, dif\u00edcilmente podremos ganarnos la confianza de los dem\u00e1s. De aqu\u00ed la sana necesidad de confiar en nosotros mismos, sabiendo de antemano que esta confianza no es arrogancia o complejo de superioridad sobre los dem\u00e1s, sino un justo punto de partida hacia una buena interacci\u00f3n con los dem\u00e1s.<\/p>\n<p>As\u00ed, cuanto m\u00e1s me conozco, sabr\u00e9 qu\u00e9 tengo o debo de incorporar a mi persona que me enriquezca, no solo para provecho propio, sino en beneficio de quienes est\u00e1n cercanos a m\u00ed. Este ejercicio de auto-conocimiento y de confianza ir\u00e1 prepar\u00e1ndome todos los d\u00edas para una mayor capacidad de conocimiento de los seres que me rodean, que est\u00e1n a mi lado y que igualmente gozan de la posibilidad de mejora continua y permanente en sus vidas,  y al igual que usted \u00f3 yo,  sufren de   retrocesos y desequilibrios de la vida cotidiana y  por esto mismo,  dignos de tenernos confianza.<\/p>\n<p>Por eso, confiar en otros, pasa inevitablemente en confiar primero, en lo individual, en cada uno de nosotros, por que solo as\u00ed,  construimos la verdadera y s\u00f3lida confianza que har\u00e1 de nuestra familia, colonia, barrio, trabajo una naci\u00f3n con acciones, de sus habitantes, m\u00e1s confiables y positivas.<\/p>\n<p>Nos leemos la pr\u00f3xima.<\/p>\n","protected":false},"excerpt":{"rendered":"<p>\u201cLos discursos inspiran menos confianza que las acciones\u201d Arist\u00f3teles LA CONFIANZA Por Ignacio Navarro Valle nacho@contracultura.org.mx M\u00e1s de una vez nos habr\u00e1 pasado, hemos sentido la falta de confianza en nosotros o en quienes nos rodean, sean de nuestra familia, del trabajo \u00f3 del medio social en donde nos desenvolvemos. Confiar es una necesidad important\u00edsima [&hellip;]<\/p>\n","protected":false},"author":1,"featured_media":0,"comment_status":"open","ping_status":"open","sticky":false,"template":"","format":"standard","meta":[],"categories":[1],"tags":[],"_links":{"self":[{"href":"https:\/\/nachonavarro.com\/index.php?rest_route=\/wp\/v2\/posts\/5"}],"collection":[{"href":"https:\/\/nachonavarro.com\/index.php?rest_route=\/wp\/v2\/posts"}],"about":[{"href":"https:\/\/nachonavarro.com\/index.php?rest_route=\/wp\/v2\/types\/post"}],"author":[{"embeddable":true,"href":"https:\/\/nachonavarro.com\/index.php?rest_route=\/wp\/v2\/users\/1"}],"replies":[{"embeddable":true,"href":"https:\/\/nachonavarro.com\/index.php?rest_route=%2Fwp%2Fv2%2Fcomments&post=5"}],"version-history":[{"count":0,"href":"https:\/\/nachonavarro.com\/index.php?rest_route=\/wp\/v2\/posts\/5\/revisions"}],"wp:attachment":[{"href":"https:\/\/nachonavarro.com\/index.php?rest_route=%2Fwp%2Fv2%2Fmedia&parent=5"}],"wp:term":[{"taxonomy":"category","embeddable":true,"href":"https:\/\/nachonavarro.com\/index.php?rest_route=%2Fwp%2Fv2%2Fcategories&post=5"},{"taxonomy":"post_tag","embeddable":true,"href":"https:\/\/nachonavarro.com\/index.php?rest_route=%2Fwp%2Fv2%2Ftags&post=5"}],"curies":[{"name":"wp","href":"https:\/\/api.w.org\/{rel}","templated":true}]}}