{"id":49,"date":"2008-03-09T20:50:43","date_gmt":"2008-03-10T02:50:43","guid":{"rendered":"http:\/\/nachonavarro.com\/archives\/49"},"modified":"2008-03-09T20:50:43","modified_gmt":"2008-03-10T02:50:43","slug":"arquitectura-humana","status":"publish","type":"post","link":"https:\/\/nachonavarro.com\/?p=49","title":{"rendered":"ARQUITECTURA HUMANA."},"content":{"rendered":"<p>ARQUITECTURA HUMANA.<\/p>\n<p>Por Ignacio Navarro Valle<br \/>\nnacho.navarro@contracultura.org.mx <\/p>\n<p>En  contacto con due\u00f1os y directivos de las organizaciones, frecuentemente estamos contestando la pregunta que nos hacen referente al porqu\u00e9 en CONTRACULTURA, AC., hacemos arquitectura humana, como dice nuestro lema. Le comparto nuestra respuesta:<br \/>\nExpl\u00edcitamente, describe la misi\u00f3n de nuestra organizaci\u00f3n de servicios, que un grupo de profesionales nos planteamos, teniendo de com\u00fan denominador el enfoque humanista, que  ponemos al servicio de lo que consideramos lo m\u00e1s valioso de  las instituciones: Su Capital Humano.<br \/>\nAs\u00ed, me parece, coadyuvamos a que la arquitectura humana de las organizaciones; esto es, cada una de las personas que las conforman en su pensamiento, forma, contenido, expresi\u00f3n, aportaci\u00f3n y vinculaci\u00f3n consigo mismas y con el resto que constituye a la empresa y a las dem\u00e1s organizaciones del pa\u00eds y del mundo, sea mejor.<br \/>\nEs interesante observar, a trav\u00e9s de nuestros servicios, como  los empresarios, altos directivos y profesionistas, van, por decisi\u00f3n propia, configur\u00e1ndose paso a paso, hacia una mejor y m\u00e1s valiosa arquitectura personal, dejando a tras pensamientos, formas, contenidos, expresiones y actitudes personales buscadoras de culpables \u00f3 estrechas de mira, por citarle 2 ejemplos limitadores de si mismos y para quienes est\u00e1n cerca de su negocio, hogar, escuela, etc. Obvio en decirle, lo doblemente retador, que resulta este trabajo, por que a la vez que trabajo mi personal arquitectura,  ayudo a transformar la de nuestros clientes.<br \/>\nLe invito, a convertirse en arquitecto de si mismo que cambie, para bien, el paisaje humano de nuestro pa\u00eds. \u00bfSe anima?<\/p>\n","protected":false},"excerpt":{"rendered":"<p>ARQUITECTURA HUMANA. Por Ignacio Navarro Valle nacho.navarro@contracultura.org.mx En contacto con due\u00f1os y directivos de las organizaciones, frecuentemente estamos contestando la pregunta que nos hacen referente al porqu\u00e9 en CONTRACULTURA, AC., hacemos arquitectura humana, como dice nuestro lema. Le comparto nuestra respuesta: Expl\u00edcitamente, describe la misi\u00f3n de nuestra organizaci\u00f3n de servicios, que un grupo de profesionales [&hellip;]<\/p>\n","protected":false},"author":1,"featured_media":0,"comment_status":"open","ping_status":"open","sticky":false,"template":"","format":"standard","meta":[],"categories":[1],"tags":[],"_links":{"self":[{"href":"https:\/\/nachonavarro.com\/index.php?rest_route=\/wp\/v2\/posts\/49"}],"collection":[{"href":"https:\/\/nachonavarro.com\/index.php?rest_route=\/wp\/v2\/posts"}],"about":[{"href":"https:\/\/nachonavarro.com\/index.php?rest_route=\/wp\/v2\/types\/post"}],"author":[{"embeddable":true,"href":"https:\/\/nachonavarro.com\/index.php?rest_route=\/wp\/v2\/users\/1"}],"replies":[{"embeddable":true,"href":"https:\/\/nachonavarro.com\/index.php?rest_route=%2Fwp%2Fv2%2Fcomments&post=49"}],"version-history":[{"count":0,"href":"https:\/\/nachonavarro.com\/index.php?rest_route=\/wp\/v2\/posts\/49\/revisions"}],"wp:attachment":[{"href":"https:\/\/nachonavarro.com\/index.php?rest_route=%2Fwp%2Fv2%2Fmedia&parent=49"}],"wp:term":[{"taxonomy":"category","embeddable":true,"href":"https:\/\/nachonavarro.com\/index.php?rest_route=%2Fwp%2Fv2%2Fcategories&post=49"},{"taxonomy":"post_tag","embeddable":true,"href":"https:\/\/nachonavarro.com\/index.php?rest_route=%2Fwp%2Fv2%2Ftags&post=49"}],"curies":[{"name":"wp","href":"https:\/\/api.w.org\/{rel}","templated":true}]}}