{"id":486,"date":"2013-02-22T12:58:38","date_gmt":"2013-02-22T18:58:38","guid":{"rendered":"http:\/\/nachonavarro.com\/?p=486"},"modified":"2013-02-25T13:31:29","modified_gmt":"2013-02-25T19:31:29","slug":"escaso-y-necesario","status":"publish","type":"post","link":"https:\/\/nachonavarro.com\/?p=486","title":{"rendered":"ESCASO Y NECESARIO \u00a9"},"content":{"rendered":"<figure class=\"full-width-mobile alignnone thin\" style=\"width: 650px;\"><a href=\"http:\/\/nachonavarro.com\/wp-content\/uploads\/2013\/02\/Imagen-nueva-color-Alvaro-Uribe-y-liderazgo.jpg\" class=\"fancybox\" title=\"\"><img alt=\"\" src=\"https:\/\/nachonavarro.com\/wp-content\/uploads\/2013\/02\/Imagen-nueva-color-Alvaro-Uribe-y-liderazgo.jpg\" class=\"wp-image-490\" \/><\/a><\/figure>\n<p>ignacionavarrova@hotmail.com <\/p>\n<p>En una interesant\u00edsima entrevista a \u00c1lvaro Uribe (60) presidente de Colombia (2002-2010), a la televisi\u00f3n p\u00fablica argentina en 2009, y que el pasado enero se trasmiti\u00f3 en nuestro pa\u00eds en el canal 22, el hoy ex presidente, expuso sus puntos de vista sobre varios temas y casi al final de la conversaci\u00f3n, su categ\u00f3rico diagnostico y recomendaci\u00f3n, con un \u00e9nfasis, observ\u00e9, urgente a todos, porque seg\u00fan Uribe, lo m\u00e1s necesario en cualquier parte, es tener  l\u00edderes, pero es a la vez, seg\u00fan \u00e9l, lo m\u00e1s escaso en el mundo, apoy\u00e1ndose en este ejemplo: un pa\u00eds puede tener petr\u00f3leo y dem\u00e1s recursos naturales, pero si no tiene lideres, ese pa\u00eds tendr\u00e1 muchos problemas. En cambio, puede un pa\u00eds no tener petr\u00f3leo o abundantes recursos naturales, pero si tiene l\u00edderes, saldr\u00e1 adelante. De aqu\u00ed su invitaci\u00f3n a invertir en formar lideres y apoyarlos en cualquier \u00e1mbito de la vida.<br \/>\nY poner en acci\u00f3n este llamado de Uribe, sin duda conviene a todos, sobre todo si pensamos viene de un hombre que ya prob\u00f3 su liderazgo en su pa\u00eds, sometido, por cierto, a corrupci\u00f3n pol\u00edtica y del narcotr\u00e1fico, inseguridad y violencia como ning\u00fan otro en Am\u00e9rica, y que a pesar de su accidentada orograf\u00eda, Colombia es hoy una naci\u00f3n m\u00e1s segura, con la mayor reducci\u00f3n en los \u00edndices de violencia de sus \u00faltimos 27 a\u00f1os (928 casos menos, cf. www.lapatriaenlinea.com ), con estabilidad y crecimiento para este 2013, incluso, superior a la de sus vecinos (incluyendo Venezuela, con abundancia petrolera), seg\u00fan el sitio especializado www.portafolio.co<br \/>\nDe aqu\u00ed que lo invite revisemos tranquilamente, c\u00f3mo andamos usted y yo primeramente, y despu\u00e9s, quienes est\u00e9n cercanos en nuestro hogar, negocio, trabajo, escuela, amistades, barrio, colonia y ciudad en esta materia.<br \/>\nPara ello le comparto algo de lo m\u00e1s sensato y a la mano me parece, que puede sernos \u00fatil  para saber qu\u00e9 tan bien, regular o mal andamos c\u00f3mo lideres y de l\u00edderes y que el inolvidable experto austriaco-estadounidense Peter F. Drucker (1909-2005) llamado tambi\u00e9n, el padre de la gerencia moderna, suger\u00eda para identificar a un l\u00edder (usted y yo, incluidos) verdaderamente eficaz y digno de ser seguido y  apoyado,  por encima -\u00a1ojo!- important\u00edsimo del carisma, brillo, del ser generosos o taca\u00f1os, visionarios u orientados a los n\u00fameros. Aqu\u00ed las ocho caracter\u00edsticas de un eficaz l\u00edder, seg\u00fan Drucker:<br \/>\n1.- Preguntan \u00bfQu\u00e9 hay que hacer (porque reconocen que no se las saben todas, percibo)?; junto con 2.- \u00bfQu\u00e9 le conviene a la empresa u organizaci\u00f3n (aqu\u00ed sugiero; por ejemplo, agr\u00e9guenos familia, barrio, colonia y grupo de amistades)?; 3.- Desarrollan planes de acci\u00f3n (tambi\u00e9n traducido, en mi opini\u00f3n, c\u00f3mo pensar antes de actuar); 4.- Asumen la responsabilidad de sus acciones (porque usted y yo estamos hartos de la cultura de echarle la culpa a otro); as\u00ed como5.- La responsabilidad de comunicar (observando, me parece, el tono de decirlo y el lenguaje corporal); 6.- Se centran en las oportunidades en vez de los problemas (desplazan convenientemente de su mente y conversaci\u00f3n, la negatividad, percibo); 7.- Conducen reuniones productivas (porque controlan el venenoso chismorreo, a\u00f1ado)  y 8.-Piensan y dicen nosotros, en vez de \u201cyo\u201d (hasta las y los monjes m\u00e1s solitarios del desierto, viven en comunidad).<br \/>\n\u00bfCu\u00e1ntas cree aprobar\u00edamos?<br \/>\n\u00a1Atr\u00e9vase! Le reto. <\/p>\n","protected":false},"excerpt":{"rendered":"<p>ignacionavarrova@hotmail.com En una interesant\u00edsima entrevista a \u00c1lvaro Uribe (60) presidente de Colombia (2002-2010), a la televisi\u00f3n p\u00fablica argentina en 2009, y que el pasado enero se trasmiti\u00f3 en nuestro pa\u00eds en el canal 22, el hoy ex presidente, expuso sus puntos de vista sobre varios temas y casi al final de la conversaci\u00f3n, su categ\u00f3rico [&hellip;]<\/p>\n","protected":false},"author":1,"featured_media":0,"comment_status":"open","ping_status":"open","sticky":false,"template":"","format":"standard","meta":[],"categories":[1],"tags":[],"_links":{"self":[{"href":"https:\/\/nachonavarro.com\/index.php?rest_route=\/wp\/v2\/posts\/486"}],"collection":[{"href":"https:\/\/nachonavarro.com\/index.php?rest_route=\/wp\/v2\/posts"}],"about":[{"href":"https:\/\/nachonavarro.com\/index.php?rest_route=\/wp\/v2\/types\/post"}],"author":[{"embeddable":true,"href":"https:\/\/nachonavarro.com\/index.php?rest_route=\/wp\/v2\/users\/1"}],"replies":[{"embeddable":true,"href":"https:\/\/nachonavarro.com\/index.php?rest_route=%2Fwp%2Fv2%2Fcomments&post=486"}],"version-history":[{"count":4,"href":"https:\/\/nachonavarro.com\/index.php?rest_route=\/wp\/v2\/posts\/486\/revisions"}],"predecessor-version":[{"id":491,"href":"https:\/\/nachonavarro.com\/index.php?rest_route=\/wp\/v2\/posts\/486\/revisions\/491"}],"wp:attachment":[{"href":"https:\/\/nachonavarro.com\/index.php?rest_route=%2Fwp%2Fv2%2Fmedia&parent=486"}],"wp:term":[{"taxonomy":"category","embeddable":true,"href":"https:\/\/nachonavarro.com\/index.php?rest_route=%2Fwp%2Fv2%2Fcategories&post=486"},{"taxonomy":"post_tag","embeddable":true,"href":"https:\/\/nachonavarro.com\/index.php?rest_route=%2Fwp%2Fv2%2Ftags&post=486"}],"curies":[{"name":"wp","href":"https:\/\/api.w.org\/{rel}","templated":true}]}}