{"id":46,"date":"2008-02-17T21:13:02","date_gmt":"2008-02-18T03:13:02","guid":{"rendered":"http:\/\/nachonavarro.com\/archives\/46"},"modified":"2008-02-17T21:13:02","modified_gmt":"2008-02-18T03:13:02","slug":"lo-positivo-de-lo-negativo","status":"publish","type":"post","link":"https:\/\/nachonavarro.com\/?p=46","title":{"rendered":"LO POSITIVO DE LO NEGATIVO"},"content":{"rendered":"<p>Por Ignacio Navarro Valle.<br \/>\nnacho.navarro@contracultura.org.mx<\/p>\n<p>Los expertos en potencial humano, nos insisten y persuaden del poder del pensamiento positivo. \u201cPensar y actuar positivo\u201d, ha sido el tema tratado en un sinf\u00edn de libros, art\u00edculos y conferencias de liderazgo, lo cual me parece bien.<br \/>\nSin embargo, sorprende experimentar que una de las formas m\u00e1s efectivas y poderosas para iniciar la ruta hacia lo positivo, pasa ineludiblemente por lo negativo.<br \/>\nDif\u00edcilmente seremos personas  positivas, si no aceptamos \u2013antes- que tenemos cosas negativas. La sinceridad derriba cualquier barrera. Vea:<br \/>\nUsted puede dudar, con justificadas razones, en el mejor de los casos, que soy una persona que me mantengo con pensamientos y acciones positivas durante todas las horas del d\u00eda en que me encuentro despierto, teni\u00e9ndole que demostrar, si fuera el caso, c\u00f3mo es que s\u00ed me mantengo positivo, m\u00e1s all\u00e1 de lo que me ocurra. O sea,  usted necesita para aceptarme positivo, pruebas de mis conductas, \u00bfno?<br \/>\nPero cuando con sinceridad le comparto, que frecuentemente produzco pensamientos negativos y que batallo para llenar mi cabeza de ellos, que me aseguren acciones positivas, inmediatamente usted lo acepta, sin poner barreras. Igualito ocurre cuando acepto mi negatividad, para hacer lo positivo. \u00a1Incre\u00edble!<br \/>\nAs\u00ed tambi\u00e9n, al pensamiento positivo lo sobre dimensionamos y propicia que, much\u00edsimas veces, nos pongamos a la defensiva y esc\u00e9pticos, cuando nos sentimos positivos y sin problemas, quiz\u00e1 por esa cultura que pocas veces vivimos usted y yo: admitir que los tenemos. \u00bfNo le parece?<\/p>\n","protected":false},"excerpt":{"rendered":"<p>Por Ignacio Navarro Valle. nacho.navarro@contracultura.org.mx Los expertos en potencial humano, nos insisten y persuaden del poder del pensamiento positivo. \u201cPensar y actuar positivo\u201d, ha sido el tema tratado en un sinf\u00edn de libros, art\u00edculos y conferencias de liderazgo, lo cual me parece bien. Sin embargo, sorprende experimentar que una de las formas m\u00e1s efectivas y [&hellip;]<\/p>\n","protected":false},"author":1,"featured_media":0,"comment_status":"open","ping_status":"open","sticky":false,"template":"","format":"standard","meta":[],"categories":[1],"tags":[],"_links":{"self":[{"href":"https:\/\/nachonavarro.com\/index.php?rest_route=\/wp\/v2\/posts\/46"}],"collection":[{"href":"https:\/\/nachonavarro.com\/index.php?rest_route=\/wp\/v2\/posts"}],"about":[{"href":"https:\/\/nachonavarro.com\/index.php?rest_route=\/wp\/v2\/types\/post"}],"author":[{"embeddable":true,"href":"https:\/\/nachonavarro.com\/index.php?rest_route=\/wp\/v2\/users\/1"}],"replies":[{"embeddable":true,"href":"https:\/\/nachonavarro.com\/index.php?rest_route=%2Fwp%2Fv2%2Fcomments&post=46"}],"version-history":[{"count":0,"href":"https:\/\/nachonavarro.com\/index.php?rest_route=\/wp\/v2\/posts\/46\/revisions"}],"wp:attachment":[{"href":"https:\/\/nachonavarro.com\/index.php?rest_route=%2Fwp%2Fv2%2Fmedia&parent=46"}],"wp:term":[{"taxonomy":"category","embeddable":true,"href":"https:\/\/nachonavarro.com\/index.php?rest_route=%2Fwp%2Fv2%2Fcategories&post=46"},{"taxonomy":"post_tag","embeddable":true,"href":"https:\/\/nachonavarro.com\/index.php?rest_route=%2Fwp%2Fv2%2Ftags&post=46"}],"curies":[{"name":"wp","href":"https:\/\/api.w.org\/{rel}","templated":true}]}}