{"id":42,"date":"2007-12-16T20:29:23","date_gmt":"2007-12-17T02:29:23","guid":{"rendered":"http:\/\/nachonavarro.com\/archives\/42"},"modified":"2007-12-16T20:29:23","modified_gmt":"2007-12-17T02:29:23","slug":"contra-la-cultura-de-la-critica-negativa","status":"publish","type":"post","link":"https:\/\/nachonavarro.com\/?p=42","title":{"rendered":"CONTRA LA CULTURA DE LA CRITICA NEGATIVA"},"content":{"rendered":"<p>\u201cContra la cultura de la critica negativa, vive la cultura de la verdad sobre todo\u201d<\/p>\n<p>Entramos a la recta final del a\u00f1o 2007, y es momento de preparar un buen cierre y la oportunidad de esbozar nuestros prop\u00f3sitos para el A\u00f1o nuevo 2008.<br \/>\nDiciembre es \u00e9poca de alegr\u00eda, de encuentro con los familiares y amigos, \u00a1claro!, el ambiente nos ayuda a vivir y disfrutarla.<br \/>\nTambi\u00e9n estamos, en el recuento de aquello que nos propusimos durante el a\u00f1o y que hicimos, haremos y\/o dejaremos de hacer.<br \/>\nDeseo invitarnos a usted y a m\u00ed, a que lo hagamos viendo el panorama completo; esto es, sin caer en esa costumbre (cultura) extremista de solo se\u00f1alar lo malo o lo bueno que hubo en nuestra vida, lo cual me parece, falta a la verdad sobre nosotros, al no aceptar que frecuentemente tenemos claros aciertos \u2013deseo que muchos-, pero simult\u00e1neamente cargamos otros que pudi\u00e9ramos llamar obscuros, negativos.<br \/>\nRevisarnos del todo, me parece, nos capacita para vivir mejor, aprendiendo de aquello que tenemos de bueno, de positivo, a la vez que nos refresca nuestra capacidad para afrontar m\u00e1s y mejor el d\u00eda a d\u00eda.<br \/>\nAl contrario, algo que nos paraliza e incapacita, es enfocarnos solo a la cr\u00edtica negativa, nuestra y de terceros, sobre aquellos nuestros asuntos que calificamos malos, y que por alguna raz\u00f3n se dieron. Nada m\u00e1s da\u00f1ino creo, nos puede ocurrir para nuestro crecimiento individual, ya que lo que escondemos detr\u00e1s, quiz\u00e1, es la falta de aceptaci\u00f3n de la verdad.<br \/>\nAlgo, por cierto, que nos viene bien vivir en cualquier \u00e9poca del a\u00f1o, pero sobre todo a estar alturas. \u00bfNo le parece?<\/p>\n","protected":false},"excerpt":{"rendered":"<p>\u201cContra la cultura de la critica negativa, vive la cultura de la verdad sobre todo\u201d Entramos a la recta final del a\u00f1o 2007, y es momento de preparar un buen cierre y la oportunidad de esbozar nuestros prop\u00f3sitos para el A\u00f1o nuevo 2008. Diciembre es \u00e9poca de alegr\u00eda, de encuentro con los familiares y amigos, [&hellip;]<\/p>\n","protected":false},"author":1,"featured_media":0,"comment_status":"open","ping_status":"open","sticky":false,"template":"","format":"standard","meta":[],"categories":[1],"tags":[],"_links":{"self":[{"href":"https:\/\/nachonavarro.com\/index.php?rest_route=\/wp\/v2\/posts\/42"}],"collection":[{"href":"https:\/\/nachonavarro.com\/index.php?rest_route=\/wp\/v2\/posts"}],"about":[{"href":"https:\/\/nachonavarro.com\/index.php?rest_route=\/wp\/v2\/types\/post"}],"author":[{"embeddable":true,"href":"https:\/\/nachonavarro.com\/index.php?rest_route=\/wp\/v2\/users\/1"}],"replies":[{"embeddable":true,"href":"https:\/\/nachonavarro.com\/index.php?rest_route=%2Fwp%2Fv2%2Fcomments&post=42"}],"version-history":[{"count":0,"href":"https:\/\/nachonavarro.com\/index.php?rest_route=\/wp\/v2\/posts\/42\/revisions"}],"wp:attachment":[{"href":"https:\/\/nachonavarro.com\/index.php?rest_route=%2Fwp%2Fv2%2Fmedia&parent=42"}],"wp:term":[{"taxonomy":"category","embeddable":true,"href":"https:\/\/nachonavarro.com\/index.php?rest_route=%2Fwp%2Fv2%2Fcategories&post=42"},{"taxonomy":"post_tag","embeddable":true,"href":"https:\/\/nachonavarro.com\/index.php?rest_route=%2Fwp%2Fv2%2Ftags&post=42"}],"curies":[{"name":"wp","href":"https:\/\/api.w.org\/{rel}","templated":true}]}}