{"id":37,"date":"2007-10-28T22:09:20","date_gmt":"2007-10-29T04:09:20","guid":{"rendered":"http:\/\/nachonavarro.com\/archives\/37"},"modified":"2007-10-28T22:09:20","modified_gmt":"2007-10-29T04:09:20","slug":"contra-la-cultura-del-individualismo","status":"publish","type":"post","link":"https:\/\/nachonavarro.com\/?p=37","title":{"rendered":"CONTRA LA CULTURA DEL INDIVIDUALISMO"},"content":{"rendered":"<p>Contra la cultura del individualismo, vive la cultura para los dem\u00e1s.<\/p>\n<p>Por Ignacio Navarro Valle<br \/>\nwww.contracultura.org.mx <\/p>\n<p>Reci\u00e9n se dio a conocer el resultado de la encuesta de Capital Social realizada en 2006 en las zonas urbanas de nuestro pa\u00eds, por el Programa de Naciones Unidas para el Desarrollo (PNUD).<br \/>\nEs mi intenci\u00f3n,  comentarle de algo que llama mi atenci\u00f3n de este muestreo estad\u00edstico y que  pongo a su consideraci\u00f3n:<br \/>\nLa mayor\u00eda de los(as) encuestados(as), a lo largo y ancho del pa\u00eds, manifest\u00f3 p\u00fablicamente que EVITAN solicitar o DAR ayuda, A MENOS (ojo el sacar raja, como decimos coloquialmente en M\u00e9xico) que sea para: 1 pedir prestado; 2 conseguir trabajo; 3 cuidar de los hijos y 4 realizar alg\u00fan tr\u00e1mite. Qu\u00e9 le parece.<br \/>\nEste \u201cmodo\u201d de actuar, detectado por la ONU, quienes trabajamos en CONTRACULTURA lo constatamos, con los matices correspondientes, en individuos de  diferentes grupos sociales de los lugares de la republica mexicana donde prestamos nuestros servicios, y que evidencia me parece, un lastre que seguimos cargando desafortunadamente, impidi\u00e9ndonos -por momentos prolongados- movernos en  la direcci\u00f3n que nos conduzca a mayor desarrollo y crecimiento.<br \/>\nDe aqu\u00ed que sea una oportuna ocasi\u00f3n para reiterarle nuestra invitaci\u00f3n, a que se sume a los miles de personas que estamos provocando, pensamientos y acciones diferentes y positivas, dejando atr\u00e1s este  obsoleto individualismo, en pro de un acercamiento y complementariedad entre nosotros, que beneficie m\u00e1s, d\u00eda a d\u00eda, a todos. \u00bfSe une? <\/p>\n","protected":false},"excerpt":{"rendered":"<p>Contra la cultura del individualismo, vive la cultura para los dem\u00e1s. Por Ignacio Navarro Valle www.contracultura.org.mx Reci\u00e9n se dio a conocer el resultado de la encuesta de Capital Social realizada en 2006 en las zonas urbanas de nuestro pa\u00eds, por el Programa de Naciones Unidas para el Desarrollo (PNUD). Es mi intenci\u00f3n, comentarle de algo [&hellip;]<\/p>\n","protected":false},"author":1,"featured_media":0,"comment_status":"open","ping_status":"open","sticky":false,"template":"","format":"standard","meta":[],"categories":[1],"tags":[],"_links":{"self":[{"href":"https:\/\/nachonavarro.com\/index.php?rest_route=\/wp\/v2\/posts\/37"}],"collection":[{"href":"https:\/\/nachonavarro.com\/index.php?rest_route=\/wp\/v2\/posts"}],"about":[{"href":"https:\/\/nachonavarro.com\/index.php?rest_route=\/wp\/v2\/types\/post"}],"author":[{"embeddable":true,"href":"https:\/\/nachonavarro.com\/index.php?rest_route=\/wp\/v2\/users\/1"}],"replies":[{"embeddable":true,"href":"https:\/\/nachonavarro.com\/index.php?rest_route=%2Fwp%2Fv2%2Fcomments&post=37"}],"version-history":[{"count":0,"href":"https:\/\/nachonavarro.com\/index.php?rest_route=\/wp\/v2\/posts\/37\/revisions"}],"wp:attachment":[{"href":"https:\/\/nachonavarro.com\/index.php?rest_route=%2Fwp%2Fv2%2Fmedia&parent=37"}],"wp:term":[{"taxonomy":"category","embeddable":true,"href":"https:\/\/nachonavarro.com\/index.php?rest_route=%2Fwp%2Fv2%2Fcategories&post=37"},{"taxonomy":"post_tag","embeddable":true,"href":"https:\/\/nachonavarro.com\/index.php?rest_route=%2Fwp%2Fv2%2Ftags&post=37"}],"curies":[{"name":"wp","href":"https:\/\/api.w.org\/{rel}","templated":true}]}}