{"id":35,"date":"2007-09-30T22:10:32","date_gmt":"2007-10-01T04:10:32","guid":{"rendered":"http:\/\/nachonavarro.com\/archives\/35"},"modified":"2007-09-30T22:10:32","modified_gmt":"2007-10-01T04:10:32","slug":"el-poder-de-optimismo","status":"publish","type":"post","link":"https:\/\/nachonavarro.com\/?p=35","title":{"rendered":"EL PODER DE OPTIMISMO"},"content":{"rendered":"<p>\u201cContra la cultura del negativismo, vive la cultura de lo positivo\u201d<\/p>\n<p>As\u00ed titula su libro el norteamericano Dr. Alan Loy Mc Ginnis (editorial Javier Vergara), donde narra enriquecedoras historias de c\u00f3mo tom\u00e1ndole el lado positivo a lo que negativo sucede,  personas salieron exitosamente adelante.<\/p>\n<p>Como aquella que le sucedi\u00f3 al gran inventor e investigador Thomas Alva Edison que a sus 66 a\u00f1os, un incendio en su laboratorio, hizo perdiera equipos con valor de millones de d\u00f3lares y la mayor parte de sus documentadas investigaciones realizadas a lo largo de su vida. Ante la angustia de su hijo Charles y caminado sobre las cenizas de su laboratorio, Edison le dijo: \u201cExiste una gran m\u00e9rito en el desastre. Todos nuestros errores est\u00e1n quemados\u201d. \u00a1Hermoso!<\/p>\n<p>Dif\u00edcilmente nos encontraremos alguien en el pa\u00eds que NO haya vivido, por lo menos, una circunstancia o hecho desagradable para \u00e9l o ella, sea cierto o  inventado. \u00bfNo?<\/p>\n<p>Lo que si es frecuente toparnos, en la casa, trabajo, escuela, noticias, c\u00edrculo de amigos y\/o en casi cualquier ambiente social a donde vayamos, legiones de gente que solo est\u00e1 dale y dale, quej\u00e1ndose y se\u00f1alando a los culpables -por cierto, nunca ellos- de lo malo que est\u00e1n las cosas en este pa\u00eds. Y de repente, las m\u00e1s veces sin percatarnos, usted y yo, nos unimos con nuestros pensamientos, actitudes y palabras, a la legi\u00f3n mexicana de negativos y pesimistas. Gastando as\u00ed la energ\u00eda, que debemos \u2013me parece-  poner a trabajar para hacer que las cosas, en mi casa, trabajo, escuela, club, barrio, colonia,  pa\u00eds, caminen diferente y positivamente.<\/p>\n<p>De aqu\u00ed que le anime a que se sume a los miles de mexicanos(as) optimistas, que  buscamos provocar acciones (culturas) diferentes que cambien, positivamente, lo m\u00e1s importante del pa\u00eds: Su Arquitectura Humana. <\/p>\n","protected":false},"excerpt":{"rendered":"<p>\u201cContra la cultura del negativismo, vive la cultura de lo positivo\u201d As\u00ed titula su libro el norteamericano Dr. Alan Loy Mc Ginnis (editorial Javier Vergara), donde narra enriquecedoras historias de c\u00f3mo tom\u00e1ndole el lado positivo a lo que negativo sucede, personas salieron exitosamente adelante. Como aquella que le sucedi\u00f3 al gran inventor e investigador Thomas [&hellip;]<\/p>\n","protected":false},"author":1,"featured_media":0,"comment_status":"open","ping_status":"open","sticky":false,"template":"","format":"standard","meta":[],"categories":[1],"tags":[],"_links":{"self":[{"href":"https:\/\/nachonavarro.com\/index.php?rest_route=\/wp\/v2\/posts\/35"}],"collection":[{"href":"https:\/\/nachonavarro.com\/index.php?rest_route=\/wp\/v2\/posts"}],"about":[{"href":"https:\/\/nachonavarro.com\/index.php?rest_route=\/wp\/v2\/types\/post"}],"author":[{"embeddable":true,"href":"https:\/\/nachonavarro.com\/index.php?rest_route=\/wp\/v2\/users\/1"}],"replies":[{"embeddable":true,"href":"https:\/\/nachonavarro.com\/index.php?rest_route=%2Fwp%2Fv2%2Fcomments&post=35"}],"version-history":[{"count":0,"href":"https:\/\/nachonavarro.com\/index.php?rest_route=\/wp\/v2\/posts\/35\/revisions"}],"wp:attachment":[{"href":"https:\/\/nachonavarro.com\/index.php?rest_route=%2Fwp%2Fv2%2Fmedia&parent=35"}],"wp:term":[{"taxonomy":"category","embeddable":true,"href":"https:\/\/nachonavarro.com\/index.php?rest_route=%2Fwp%2Fv2%2Fcategories&post=35"},{"taxonomy":"post_tag","embeddable":true,"href":"https:\/\/nachonavarro.com\/index.php?rest_route=%2Fwp%2Fv2%2Ftags&post=35"}],"curies":[{"name":"wp","href":"https:\/\/api.w.org\/{rel}","templated":true}]}}