{"id":31,"date":"2007-08-28T22:23:48","date_gmt":"2007-08-29T04:23:48","guid":{"rendered":"http:\/\/nachonavarro.com\/archives\/31"},"modified":"2007-08-28T22:29:19","modified_gmt":"2007-08-29T04:29:19","slug":"helen-keller-lider-de-contracultura","status":"publish","type":"post","link":"https:\/\/nachonavarro.com\/?p=31","title":{"rendered":"L\u00cdDER DE CONTRACULTURA (9)"},"content":{"rendered":"<p>\u201cContra la cultura del ay se va, vive la cultura de tomar responsabilidad\u201d<\/p>\n<p>HELEN KELLER L\u00cdDER DE CONTRACULTURA (9)<\/p>\n<p>De nuestra serie de L\u00edderes de CONTRACULTURA, le escribo de esta norteamericana que a largo de sus 87 a\u00f1os convirti\u00f3 su vida, en causa important\u00edsima de efectos maravillosos y aleccionadores en ella, que me parecen, siguen teniendo una  actualidad y ejemplaridad para todos, por lo que a continuaci\u00f3n le comento:<\/p>\n<p>*Desde los 2 a\u00f1os perdi\u00f3 la vista, o\u00eddo y habla.<\/p>\n<p>*A los 6 a\u00f1os, por iniciativa de sus amorosos padres, empieza a ser educada por otra mujer a quien llegaron a llamar \u201cLa maestra milagrosa\u201d: Anne Sullivan. Y s\u00ed, la ni\u00f1a Helen dej\u00f3 su conducta semisalvaje, para convertirse en el ser humano que hoy amamos. <\/p>\n<p>*Reconectada con el mundo exterior, a trav\u00e9s de la paciencia y ense\u00f1anzas de su maestra, a  los 18 a\u00f1os, aprendi\u00f3  a nadar, remar, navegar y montar a caballo. Algo incre\u00edble para una persona discapacitada, a\u00fan hoy.<\/p>\n<p>*Literalmente, a trav\u00e9s de sus manos, Helen recibi\u00f3 toda la informaci\u00f3n y formaci\u00f3n que con el tiempo le permiti\u00f3 desarrollar una extraordinaria sensibilidad e inteligencia, llegando a escribir 13 libros, su m\u00e1s famoso La historia de mi vida, el cual asido traducido a 50 idiomas. Recibi\u00f3 premios, dict\u00f3 conferencia, siempre ayudada por una asistente, despertando la conciencia de todos para recaudar fondos para la Fundaci\u00f3n Americana de Ciegos, de quienes repiti\u00f3: tienen una mente que puede ser educada.<\/p>\n<p>*En la Universidad logr\u00f3 obtener dos doctorados, uno en Filosof\u00eda y Letras y otro en Ciencias. Inspir\u00f3 2 filmes biogr\u00e1ficos, uno documental y otro actuado, los cuales fueron premiados por la academia.<\/p>\n<p>Hoy, despu\u00e9s de su muerte en 1968, Helen sigue inspir\u00e1ndonos a tomar responsabilidad de nuestra vida, de forma diferente y positiva. \u00bfNo le parece?  <\/p>\n","protected":false},"excerpt":{"rendered":"<p>\u201cContra la cultura del ay se va, vive la cultura de tomar responsabilidad\u201d HELEN KELLER L\u00cdDER DE CONTRACULTURA (9) De nuestra serie de L\u00edderes de CONTRACULTURA, le escribo de esta norteamericana que a largo de sus 87 a\u00f1os convirti\u00f3 su vida, en causa important\u00edsima de efectos maravillosos y aleccionadores en ella, que me parecen, siguen [&hellip;]<\/p>\n","protected":false},"author":1,"featured_media":0,"comment_status":"open","ping_status":"open","sticky":false,"template":"","format":"standard","meta":[],"categories":[1],"tags":[],"_links":{"self":[{"href":"https:\/\/nachonavarro.com\/index.php?rest_route=\/wp\/v2\/posts\/31"}],"collection":[{"href":"https:\/\/nachonavarro.com\/index.php?rest_route=\/wp\/v2\/posts"}],"about":[{"href":"https:\/\/nachonavarro.com\/index.php?rest_route=\/wp\/v2\/types\/post"}],"author":[{"embeddable":true,"href":"https:\/\/nachonavarro.com\/index.php?rest_route=\/wp\/v2\/users\/1"}],"replies":[{"embeddable":true,"href":"https:\/\/nachonavarro.com\/index.php?rest_route=%2Fwp%2Fv2%2Fcomments&post=31"}],"version-history":[{"count":0,"href":"https:\/\/nachonavarro.com\/index.php?rest_route=\/wp\/v2\/posts\/31\/revisions"}],"wp:attachment":[{"href":"https:\/\/nachonavarro.com\/index.php?rest_route=%2Fwp%2Fv2%2Fmedia&parent=31"}],"wp:term":[{"taxonomy":"category","embeddable":true,"href":"https:\/\/nachonavarro.com\/index.php?rest_route=%2Fwp%2Fv2%2Fcategories&post=31"},{"taxonomy":"post_tag","embeddable":true,"href":"https:\/\/nachonavarro.com\/index.php?rest_route=%2Fwp%2Fv2%2Ftags&post=31"}],"curies":[{"name":"wp","href":"https:\/\/api.w.org\/{rel}","templated":true}]}}