{"id":3,"date":"2007-03-05T17:59:53","date_gmt":"2007-03-05T23:59:53","guid":{"rendered":"http:\/\/nachonavarro.com\/?p=3"},"modified":"2007-03-05T17:59:53","modified_gmt":"2007-03-05T23:59:53","slug":"agradecer","status":"publish","type":"post","link":"https:\/\/nachonavarro.com\/?p=3","title":{"rendered":"AGRADECER"},"content":{"rendered":"<p>\u201c\u00bfNo tienes enemigos?&#8230; \u00bfSer\u00e1 que jam\u00e1s dijiste la verdad o amaste la justicia?\u201d<br \/>\n                                                                                   Santiago Ram\u00f3n y Cajal.<br \/>\n                                                                                   Premio N\u00f3bel de Medicina<\/p>\n<p><strong>AGRADECER<\/strong><\/p>\n<p><strong>Por Ignacio Navarro Valle<\/strong><br \/>\n<a href=\"mailto:nacho@contracultura.org.mx \">nacho@contracultura.org.mx <\/a><\/p>\n<p>Hoy, \u00faltimo d\u00eda del 2006, viene bien recordar lo que nos sucedi\u00f3 a lo largo del a\u00f1o. No importa si, usted o yo, pasamos por alguna  circunstancia personal, familiar, financiera \u00f3 laboral que  parezca no muy propicia para traerla a nuestra memoria, o si por el contrario, tuvimos cosas alentadoras y positivas.<\/p>\n<p>Porque as\u00ed como  los d\u00edas  est\u00e1n compuestos de la noche y del d\u00eda, en ambos momentos, suelen suceder cosas significativas, por las cuales, hemos de dar  gracias. Vea; por la noche, podemos observar la b\u00f3veda celestial con sus impresionantes estrellas; la luminosidad de las luci\u00e9rnagas y tomar nuestro merecido descanso. En contraste,  durante el d\u00eda, obtenemos energ\u00eda solar y a trav\u00e9s de ella, fijamos el calcio en nuestros huesos.<\/p>\n<p>Algo parecido, nos ocurre  en  la vida. As\u00ed, durante este a\u00f1o, probablemente, tuvimos  momentos alegres, entusiastas, de acciones positivas, que nos hicieron felices, o quiz\u00e1 tambi\u00e9n, los tuvimos salpicados de enemigos, decepciones \u00f3 contratiempos. Lo valioso del recuento estar\u00e1, me parece, no en cu\u00e1nto nos pas\u00f3, sino c\u00f3mo lo aprovechamos.<\/p>\n<p>De aqu\u00ed, que agradecer, recordemos, sea de las acciones -exclusivas- que los seres humanos tenemos. Sin embargo, es frecuente que por los momentos que cre\u00edmos \u201cdesagradables\u201d o \u201cdesafortunados\u201d,  no nos den ganas de dar las gracias,  y solo lo hagamos,  en situaciones y hacia personas que juzguemos,  por sus favores, s\u00ed merezcan nuestro agradecimiento. Nada m\u00e1s incompleto, en el recuento del a\u00f1o, que esta actitud parcial y convenenciera.<\/p>\n<p>De aqu\u00ed que hacer CONTRACULTURA, nos ayude a  aprovecharlos, estando agradecidos con todos y por todo, especialmente hoy, que es fin de a\u00f1o. <\/p>\n<p>Vis\u00edtenos y conozca nuestros servicios en <a href=\"http:\/\/www.contracultura.org.mx\">www.contracultura.org.mx<\/a>  <\/p>\n","protected":false},"excerpt":{"rendered":"<p>\u201c\u00bfNo tienes enemigos?&#8230; \u00bfSer\u00e1 que jam\u00e1s dijiste la verdad o amaste la justicia?\u201d Santiago Ram\u00f3n y Cajal. Premio N\u00f3bel de Medicina AGRADECER Por Ignacio Navarro Valle nacho@contracultura.org.mx Hoy, \u00faltimo d\u00eda del 2006, viene bien recordar lo que nos sucedi\u00f3 a lo largo del a\u00f1o. No importa si, usted o yo, pasamos por alguna circunstancia personal, [&hellip;]<\/p>\n","protected":false},"author":1,"featured_media":0,"comment_status":"open","ping_status":"open","sticky":false,"template":"","format":"standard","meta":[],"categories":[1],"tags":[],"_links":{"self":[{"href":"https:\/\/nachonavarro.com\/index.php?rest_route=\/wp\/v2\/posts\/3"}],"collection":[{"href":"https:\/\/nachonavarro.com\/index.php?rest_route=\/wp\/v2\/posts"}],"about":[{"href":"https:\/\/nachonavarro.com\/index.php?rest_route=\/wp\/v2\/types\/post"}],"author":[{"embeddable":true,"href":"https:\/\/nachonavarro.com\/index.php?rest_route=\/wp\/v2\/users\/1"}],"replies":[{"embeddable":true,"href":"https:\/\/nachonavarro.com\/index.php?rest_route=%2Fwp%2Fv2%2Fcomments&post=3"}],"version-history":[{"count":0,"href":"https:\/\/nachonavarro.com\/index.php?rest_route=\/wp\/v2\/posts\/3\/revisions"}],"wp:attachment":[{"href":"https:\/\/nachonavarro.com\/index.php?rest_route=%2Fwp%2Fv2%2Fmedia&parent=3"}],"wp:term":[{"taxonomy":"category","embeddable":true,"href":"https:\/\/nachonavarro.com\/index.php?rest_route=%2Fwp%2Fv2%2Fcategories&post=3"},{"taxonomy":"post_tag","embeddable":true,"href":"https:\/\/nachonavarro.com\/index.php?rest_route=%2Fwp%2Fv2%2Ftags&post=3"}],"curies":[{"name":"wp","href":"https:\/\/api.w.org\/{rel}","templated":true}]}}