{"id":25,"date":"2007-05-13T11:02:54","date_gmt":"2007-05-13T17:02:54","guid":{"rendered":"http:\/\/nachonavarro.com\/archives\/25"},"modified":"2007-05-13T13:08:32","modified_gmt":"2007-05-13T19:08:32","slug":"25","status":"publish","type":"post","link":"https:\/\/nachonavarro.com\/?p=25","title":{"rendered":"LIDERES DE CONTRACULTURA (5)"},"content":{"rendered":"<p>\u201cContra la cultura del pesimista, vive la cultura del optimismo\u201d<\/p>\n<p>L\u00cdDERES DE CONTRACULTURA (5)<\/p>\n<p>Por Ignacio Navarro Valle<\/p>\n<p>Hoy le comento de un hombre que honra con su vida lo que decimos en la CONTRACULTURA  que da inicio este comentario: Nelson Mandela, a qui\u00e9n los expertos se\u00f1alan, hoy,  como  el \u00daNICO pol\u00edtico con vida que re\u00fane las 2 caracter\u00edsticas m\u00e1s buscadas por quienes se dedican a este oficio: EL CARI\u00d1O Y EL RESPETO DE TODOS. \u00a1Incre\u00edble! por lo que le explico brevemente:<\/p>\n<p>\u2022 En su infancia y adolescencia experiment\u00f3 la pobreza, por la cual com\u00eda una sola vez al d\u00eda y rara vez pudo cambiarse de ropa, all\u00ed aprendi\u00f3 que los amigos son muy pocos y  que sin embargo, la escasez, hace aflorar grandes sentimientos de camarader\u00eda y generosidad en los dem\u00e1s.<\/p>\n<p>\u2022 El pr\u00f3ximo 18 de julio cumple 89 a\u00f1os de edad y se mantiene activo en su natal Sud\u00e1frica, al frente de sus 2 fundaciones: La 46664 llamada as\u00ed, en recuerdo al n\u00famero de preso que llev\u00f3 durante los 27 a\u00f1os que pas\u00f3 en prisi\u00f3n y que hoy dedica a apoyar el desarrollo y ayuda humanitaria, y su Fundaci\u00f3n de ayuda a la ni\u00f1ez.<\/p>\n<p>\u2022 Fue el primer hombre de color en ser electo presidente directamente por los ciudadanos de all\u00e1. Iniciando el  proceso de reconciliaci\u00f3n nacional entre blancos y negros que hacen hoy de Sud\u00e1frica una naci\u00f3n modelo de convivencia racial, a la par de su desarrollo econ\u00f3mico.<\/p>\n<p>\u2022 Su larga estancia en prisi\u00f3n templaron su car\u00e1cter y de perseguir ideales socialistas, basados en la violencia para conseguir el poder, mud\u00f3 de creencias y se trasform\u00f3 en ap\u00f3stol de la no violencia,  buscando mediante esta v\u00eda,  la abolici\u00f3n  de la dominaci\u00f3n blanca y negra respectivamente, empe\u00f1o al que sigue dedicando su vida.<\/p>\n<p>\u2022 Cuenta en su haber con 14 distinciones y premios internacionales, dentro de las cuales destaca el Premio Noble de la paz 1993.<\/p>\n<p>Mandela es  un claro ejemplo, de que las circunstancias adversas y el car\u00e1cter inquieto, juegan de aliados eficaces para transformar nuestras acciones en algo diferente y positivo. \u00bfNo le parece?<\/p>\n","protected":false},"excerpt":{"rendered":"<p>\u201cContra la cultura del pesimista, vive la cultura del optimismo\u201d L\u00cdDERES DE CONTRACULTURA (5) Por Ignacio Navarro Valle Hoy le comento de un hombre que honra con su vida lo que decimos en la CONTRACULTURA que da inicio este comentario: Nelson Mandela, a qui\u00e9n los expertos se\u00f1alan, hoy, como el \u00daNICO pol\u00edtico con vida que [&hellip;]<\/p>\n","protected":false},"author":1,"featured_media":0,"comment_status":"open","ping_status":"open","sticky":false,"template":"","format":"standard","meta":[],"categories":[1],"tags":[],"_links":{"self":[{"href":"https:\/\/nachonavarro.com\/index.php?rest_route=\/wp\/v2\/posts\/25"}],"collection":[{"href":"https:\/\/nachonavarro.com\/index.php?rest_route=\/wp\/v2\/posts"}],"about":[{"href":"https:\/\/nachonavarro.com\/index.php?rest_route=\/wp\/v2\/types\/post"}],"author":[{"embeddable":true,"href":"https:\/\/nachonavarro.com\/index.php?rest_route=\/wp\/v2\/users\/1"}],"replies":[{"embeddable":true,"href":"https:\/\/nachonavarro.com\/index.php?rest_route=%2Fwp%2Fv2%2Fcomments&post=25"}],"version-history":[{"count":0,"href":"https:\/\/nachonavarro.com\/index.php?rest_route=\/wp\/v2\/posts\/25\/revisions"}],"wp:attachment":[{"href":"https:\/\/nachonavarro.com\/index.php?rest_route=%2Fwp%2Fv2%2Fmedia&parent=25"}],"wp:term":[{"taxonomy":"category","embeddable":true,"href":"https:\/\/nachonavarro.com\/index.php?rest_route=%2Fwp%2Fv2%2Fcategories&post=25"},{"taxonomy":"post_tag","embeddable":true,"href":"https:\/\/nachonavarro.com\/index.php?rest_route=%2Fwp%2Fv2%2Ftags&post=25"}],"curies":[{"name":"wp","href":"https:\/\/api.w.org\/{rel}","templated":true}]}}