{"id":1033,"date":"2019-10-29T15:19:24","date_gmt":"2019-10-29T21:19:24","guid":{"rendered":"http:\/\/nachonavarro.com\/?p=1033"},"modified":"2019-10-30T13:26:27","modified_gmt":"2019-10-30T19:26:27","slug":"maestros-para-estos-tiempos","status":"publish","type":"post","link":"https:\/\/nachonavarro.com\/?p=1033","title":{"rendered":"MAESTROS PARA ESTOS TIEMPOS\u00a9"},"content":{"rendered":"<figure class=\"full-width-mobile alignnone thin\" style=\"width: 650px;\"><a href=\"http:\/\/nachonavarro.com\/wp-content\/uploads\/2019\/10\/Imagen-color-de-mapa-mundi-de-libros.jpg\" class=\"fancybox\" title=\"\"><img alt=\"\" src=\"https:\/\/nachonavarro.com\/wp-content\/uploads\/2019\/10\/Imagen-color-de-mapa-mundi-de-libros.jpg\" class=\"wp-image-1034\" \/><\/a><\/figure>\n<p>Por Nacho Navarro<br \/>\nnachocontracultura@outlook.com<\/p>\n<p>Coincidir\u00e1 en lo agradable y conveniente que es recordar a nuestros MAESTROS, unido -casi siempre- a lo que nos ense\u00f1an y\/o ense\u00f1aron y enriquecieron como personas en su momento y, con lo que usted y yo, seguimos enriquecidos, seguramente.<br \/>\nLos tendremos de todos los niveles: desde k\u00ednder hasta posgrados, sin faltar los de cursos, charlas, conferencias, seminarios o talleres presenciales.<br \/>\nTambi\u00e9n los hay, conviene recordar, aquellos que, sin haberlos conocido en persona, igual nos educan a trav\u00e9s de sus libros escritos o que gracias a la tecnolog\u00eda hoy los podemos encontrar electr\u00f3nicamente; que escucharlos en c\u00f3modos audiolibros y\/o CD; observarlos por video conferencias, lo mismo que en internet, mediante la plataforma YouTube. Tantas veces queramos.<br \/>\nDestaca en cada uno de estos MAESTROS me parece, el contenido de la ense\u00f1anza y su forma de trasmit\u00edrnosla en cada nivel y tiempo. Y, sobre todo, estar\u00e1 de acuerdo, por el bien con el que nos impregnaron y siguen impregn\u00e1ndonos a usted y a m\u00ed, cada vez que los recordamos y, mejor, aplicamos para ser mejores.<br \/>\nDe aqu\u00ed lo conveniente PARA ESTOS TIEMPOS, donde usted y yo preparamos nuestro futuro, poner en pr\u00e1ctica las ense\u00f1anzas de nuestros queridos maestros, y la de esos otros a las que podemos acceder por medio de estas multiplataformas y que ampl\u00edan, percibo, el abanico de oportunidades para enriquecer nuestra arquitectura humana.<br \/>\nDe la educaci\u00f3n llena de sabidur\u00eda de estos MAESTROS, a los que usted y yo no conocimos en persona, es de la que le invito a interesarnos, por lo siguiente:<br \/>\nPrimero, a conocerla o si ya conocemos, volver a ella,<br \/>\nSegundo, nos enriquezcamos con su sabidur\u00eda y<br \/>\nTercero, apliquemos PARA ESTOS TIEMPOS. Al tiempo suyo, al tiempo m\u00edo. All\u00ed donde estemos.<br \/>\nCon seguridad, en todos y todas, encontraremos calidad y consejo, por lo que estar\u00e1 tambi\u00e9n de acuerdo conmigo, que lo mismo nos puede enriquecer y convertir en mejores personas un refr\u00e1n -tambi\u00e9n nombrados evangelios chiquitos- que una f\u00e1bula, una met\u00e1fora de pocas l\u00edneas que una larga novela.<br \/>\nPorque puede suceder que a usted le guste m\u00e1s una tragedia griega, un cuento largo, que La Divina Comedia. O viceversa.<br \/>\nPara esto nos ayuda acudir a lo que los hombres y mujeres a lo largo de la historia han aportado con sus obras escritas, contribuyendo a la docencia y experiencia e influyendo para bien, en la formaci\u00f3n y educaci\u00f3n de sus contempor\u00e1neos y de aquellos que convenientemente siguen aplicando su sabidur\u00eda y por esto, se les distingue y considera MAESTROS cl\u00e1sicos de la literatura universal.<br \/>\nY dentro de esta gran constelaci\u00f3n de mentes brillantes, encontraremos interesante variedad de; por ejemplo: fil\u00f3sofos, dramaturgos, poetas, novelistas, soci\u00f3logos, te\u00f3logos.<br \/>\nHombres y mujeres de sus tiempos, por supuesto, pero tambi\u00e9n, creo, PARA ESTOS TIEMPOS y por su formidable ejemplo educador, para todos los tiempos.<br \/>\nComo lo propone el catedr\u00e1tico Luis Javier de la Vega (Madrid, 1941), en su recomendable estudio El poder educativo de los cl\u00e1sicos de editorial ciudadela, colecci\u00f3n vida pr\u00e1ctica 2010, donde nos presenta una breve biograf\u00eda de 76 destacados MAESTROS junto a la valiosa literatura, de cada uno, con la que usted y yo podemos enriquecernos, si queremos.<br \/>\nLe invito.  <\/p>\n","protected":false},"excerpt":{"rendered":"<p>Por Nacho Navarro nachocontracultura@outlook.com Coincidir\u00e1 en lo agradable y conveniente que es recordar a nuestros MAESTROS, unido -casi siempre- a lo que nos ense\u00f1an y\/o ense\u00f1aron y enriquecieron como personas en su momento y, con lo que usted y yo, seguimos enriquecidos, seguramente. Los tendremos de todos los niveles: desde k\u00ednder hasta posgrados, sin faltar [&hellip;]<\/p>\n","protected":false},"author":1,"featured_media":0,"comment_status":"open","ping_status":"open","sticky":false,"template":"","format":"standard","meta":[],"categories":[1],"tags":[],"_links":{"self":[{"href":"https:\/\/nachonavarro.com\/index.php?rest_route=\/wp\/v2\/posts\/1033"}],"collection":[{"href":"https:\/\/nachonavarro.com\/index.php?rest_route=\/wp\/v2\/posts"}],"about":[{"href":"https:\/\/nachonavarro.com\/index.php?rest_route=\/wp\/v2\/types\/post"}],"author":[{"embeddable":true,"href":"https:\/\/nachonavarro.com\/index.php?rest_route=\/wp\/v2\/users\/1"}],"replies":[{"embeddable":true,"href":"https:\/\/nachonavarro.com\/index.php?rest_route=%2Fwp%2Fv2%2Fcomments&post=1033"}],"version-history":[{"count":7,"href":"https:\/\/nachonavarro.com\/index.php?rest_route=\/wp\/v2\/posts\/1033\/revisions"}],"predecessor-version":[{"id":1041,"href":"https:\/\/nachonavarro.com\/index.php?rest_route=\/wp\/v2\/posts\/1033\/revisions\/1041"}],"wp:attachment":[{"href":"https:\/\/nachonavarro.com\/index.php?rest_route=%2Fwp%2Fv2%2Fmedia&parent=1033"}],"wp:term":[{"taxonomy":"category","embeddable":true,"href":"https:\/\/nachonavarro.com\/index.php?rest_route=%2Fwp%2Fv2%2Fcategories&post=1033"},{"taxonomy":"post_tag","embeddable":true,"href":"https:\/\/nachonavarro.com\/index.php?rest_route=%2Fwp%2Fv2%2Ftags&post=1033"}],"curies":[{"name":"wp","href":"https:\/\/api.w.org\/{rel}","templated":true}]}}