{"id":1021,"date":"2019-07-08T11:17:29","date_gmt":"2019-07-08T17:17:29","guid":{"rendered":"http:\/\/nachonavarro.com\/?p=1021"},"modified":"2019-07-09T09:08:46","modified_gmt":"2019-07-09T15:08:46","slug":"aprendiendo-a-pensar","status":"publish","type":"post","link":"https:\/\/nachonavarro.com\/?p=1021","title":{"rendered":"APRENDIENDO A PENSAR \u00a9"},"content":{"rendered":"<figure class=\"full-width-mobile alignnone thin\" style=\"width: 650px;\"><a href=\"http:\/\/nachonavarro.com\/wp-content\/uploads\/2019\/07\/imagen-color-mujer-pensando1.jpg\" class=\"fancybox\" title=\"\"><img alt=\"\" src=\"https:\/\/nachonavarro.com\/wp-content\/uploads\/2019\/07\/imagen-color-mujer-pensando1.jpg\" class=\"wp-image-1024\" \/><\/a><\/figure>\n<p>Por Nacho Navarro<br \/>\nnachocontracultura@outlook.com<\/p>\n<p>Estar\u00e1 de acuerdo que hemos logrado significativos avances en el imaginario colectivo que hoy nos hace consientes, entre otras, de las graves repercusiones tanto en lo personal, como sociedad en general, de repetir cotidianamente malos h\u00e1bitos alimenticios, lo mismo con la no incorporaci\u00f3n a nuestra arquitectura personal de la cultura de practicar con regularidad ejercicio f\u00edsico, que como pa\u00eds nos ubica y mantiene -hace tiempo- en los primeros lugares del \u00edndice de personas obesas y de poblaci\u00f3n infantil con esta enfermedad.<br \/>\nPor lo anterior, le invito a interesarnos en hacernos conscientemente consientes, de lo conveniente de: APRENDER A PENSAR.<br \/>\nDe entrada, y est\u00e1 en su pleno derecho, puede replicarme: no lo necesitamos, con el razonamiento de que llevamos mucho tiempo haci\u00e9ndolo; esto es: PENSAR. Y visto as\u00ed, resulta il\u00f3gica mi invitaci\u00f3n y muy sensata su posici\u00f3n. Como repetidas veces me sucede con quienes interactu\u00f3 y hago misma invitaci\u00f3n.<br \/>\nPero igual pasa, coincidir\u00e1, con el fen\u00f3meno de la obesidad: los alimentos los consumimos toda la vida, pero es su calidad y contenido lo que nos da\u00f1a y enferma.<br \/>\nEsto mismo nos puede suceder con lo que pensamos. Ante lo cual, le comparto lo siguiente:<br \/>\nEn 2002, por primera vez en la historia de los premios nobel de econom\u00eda, se le otorg\u00f3 este prestigiado reconocimiento a un no economista por haber desarrollado la: Teor\u00eda de la Perspectiva, trabajo pionero que integra en las ciencias econ\u00f3micas, lo concerniente al juicio humano y la toma de decisiones en entornos de incertidumbre, el psic\u00f3logo israel\u00ed-estadounidense Daniel Kahneman (85), doctorado en la norteamericana Universidad de California en Berkeley, quien en 2011 public\u00f3 su interesante ensayo titulado: Pensar r\u00e1pido, pensar despacio (cf. Penguin Random House Grupo Editorial colecci\u00f3n DEBOLSILLO 2017), en donde comparte de manera asequible su visi\u00f3n y experiencia del comportamiento humano, citando adem\u00e1s serias y probadas investigaciones llevadas a cabo en el \u00e1rea del pensamiento humano y su repercusi\u00f3n en la vida de esas personas estudiadas en particular, y la influencia en otras y sus entornos, de aqu\u00ed que Kahneman sintetice, fundado en sus observaciones, que en las personas existen dos maneras de pensar: una r\u00e1pida, otra despacio. Siendo la primera la que m\u00e1s usamos en general, producto -entre otras cosas- apunta este premio nobel de econom\u00eda, por la flojera que nos da PENSAR, influidos por la cultura de quererlo todo r\u00e1pidamente, lo cual va en contra de la naturaleza, en donde todos sus ciclos llevan su tiempo.<br \/>\nDe aqu\u00ed que, estudiando este ensayo de Kahneman, podamos observar, entre otras, tres acciones altamente recomendables, me parece, para incorporar a nuestra arquitectura humana, y as\u00ed usted y yo estaremos, sin ninguna duda, APRENDIENDO A PENSAR para percatarnos cotidianamente:<br \/>\nPrimero: c\u00f3mo pensamos;<br \/>\nSegundo: qu\u00e9 nos influye y<br \/>\nTercero: pensar, pensar, pensar, pensar, pensar antes de actuar.<br \/>\nLe invito.<\/p>\n","protected":false},"excerpt":{"rendered":"<p>Por Nacho Navarro nachocontracultura@outlook.com Estar\u00e1 de acuerdo que hemos logrado significativos avances en el imaginario colectivo que hoy nos hace consientes, entre otras, de las graves repercusiones tanto en lo personal, como sociedad en general, de repetir cotidianamente malos h\u00e1bitos alimenticios, lo mismo con la no incorporaci\u00f3n a nuestra arquitectura personal de la cultura de [&hellip;]<\/p>\n","protected":false},"author":1,"featured_media":0,"comment_status":"open","ping_status":"open","sticky":false,"template":"","format":"standard","meta":[],"categories":[1],"tags":[],"_links":{"self":[{"href":"https:\/\/nachonavarro.com\/index.php?rest_route=\/wp\/v2\/posts\/1021"}],"collection":[{"href":"https:\/\/nachonavarro.com\/index.php?rest_route=\/wp\/v2\/posts"}],"about":[{"href":"https:\/\/nachonavarro.com\/index.php?rest_route=\/wp\/v2\/types\/post"}],"author":[{"embeddable":true,"href":"https:\/\/nachonavarro.com\/index.php?rest_route=\/wp\/v2\/users\/1"}],"replies":[{"embeddable":true,"href":"https:\/\/nachonavarro.com\/index.php?rest_route=%2Fwp%2Fv2%2Fcomments&post=1021"}],"version-history":[{"count":8,"href":"https:\/\/nachonavarro.com\/index.php?rest_route=\/wp\/v2\/posts\/1021\/revisions"}],"predecessor-version":[{"id":1031,"href":"https:\/\/nachonavarro.com\/index.php?rest_route=\/wp\/v2\/posts\/1021\/revisions\/1031"}],"wp:attachment":[{"href":"https:\/\/nachonavarro.com\/index.php?rest_route=%2Fwp%2Fv2%2Fmedia&parent=1021"}],"wp:term":[{"taxonomy":"category","embeddable":true,"href":"https:\/\/nachonavarro.com\/index.php?rest_route=%2Fwp%2Fv2%2Fcategories&post=1021"},{"taxonomy":"post_tag","embeddable":true,"href":"https:\/\/nachonavarro.com\/index.php?rest_route=%2Fwp%2Fv2%2Ftags&post=1021"}],"curies":[{"name":"wp","href":"https:\/\/api.w.org\/{rel}","templated":true}]}}